{"id":5872,"date":"2024-02-23T11:13:26","date_gmt":"2024-02-23T10:13:26","guid":{"rendered":"https:\/\/dollernersc.de\/?p=5872"},"modified":"2024-02-23T11:14:00","modified_gmt":"2024-02-23T10:14:00","slug":"jahreshauptversammlung-am-8-maerz","status":"publish","type":"post","link":"https:\/\/dollernersc.de\/?p=5872","title":{"rendered":"Jahreshauptversammlung am 8. M\u00e4rz"},"content":{"rendered":"\n<p>Am Freitag, den 8. M\u00e4rz, findet die Jahreshauptversammlung 2024 im B\u00fcrgerb\u00fcro Dollern ab 19:30 Uhr statt.<\/p>\n\n\n\n<figure class=\"wp-block-image size-full\"><img loading=\"lazy\" decoding=\"async\" width=\"639\" height=\"921\" src=\"https:\/\/dollernersc.de\/wp-content\/uploads\/2024\/02\/JHV2024.jpg\" alt=\"\" class=\"wp-image-5870\" srcset=\"https:\/\/dollernersc.de\/wp-content\/uploads\/2024\/02\/JHV2024.jpg 639w, https:\/\/dollernersc.de\/wp-content\/uploads\/2024\/02\/JHV2024-208x300.jpg 208w\" sizes=\"(max-width: 639px) 100vw, 639px\" \/><\/figure>\n","protected":false},"excerpt":{"rendered":"<p>Am Freitag, den 8. M\u00e4rz, findet die Jahreshauptversammlung 2024 im B\u00fcrgerb\u00fcro Dollern ab 19:30 Uhr statt.<\/p>\n","protected":false},"author":1,"featured_media":5870,"comment_status":"closed","ping_status":"open","sticky":false,"template":"","format":"standard","meta":{"footnotes":""},"categories":[1],"tags":[],"yoast_head":"<!-- This site is optimized with the Yoast SEO plugin v22.9 - https:\/\/yoast.com\/wordpress\/plugins\/seo\/ -->\n<title>Jahreshauptversammlung am 8. M\u00e4rz - Dollerner Sport-Club e.V.<\/title>\n<meta name=\"robots\" content=\"index, follow, max-snippet:-1, max-image-preview:large, max-video-preview:-1\" \/>\n<link rel=\"canonical\" href=\"https:\/\/dollernersc.de\/?p=5872\" \/>\n<meta property=\"og:locale\" content=\"de_DE\" \/>\n<meta property=\"og:type\" content=\"article\" \/>\n<meta property=\"og:title\" content=\"Jahreshauptversammlung am 8. M\u00e4rz - Dollerner Sport-Club e.V.\" \/>\n<meta property=\"og:description\" content=\"Am Freitag, den 8. M\u00e4rz, findet die Jahreshauptversammlung 2024 im B\u00fcrgerb\u00fcro Dollern ab 19:30 Uhr statt.\" \/>\n<meta property=\"og:url\" content=\"https:\/\/dollernersc.de\/?p=5872\" \/>\n<meta property=\"og:site_name\" content=\"Dollerner Sport-Club e.V.\" \/>\n<meta property=\"article:published_time\" content=\"2024-02-23T10:13:26+00:00\" \/>\n<meta property=\"article:modified_time\" content=\"2024-02-23T10:14:00+00:00\" \/>\n<meta property=\"og:image\" content=\"https:\/\/dollernersc.de\/wp-content\/uploads\/2024\/02\/JHV2024.jpg\" \/>\n\t<meta property=\"og:image:width\" content=\"639\" \/>\n\t<meta property=\"og:image:height\" content=\"921\" \/>\n\t<meta property=\"og:image:type\" content=\"image\/jpeg\" \/>\n<meta name=\"author\" content=\"Dollerner SC\" \/>\n<meta name=\"twitter:card\" content=\"summary_large_image\" \/>\n<meta name=\"twitter:label1\" content=\"Verfasst von\" \/>\n\t<meta name=\"twitter:data1\" content=\"Dollerner SC\" \/>\n\t<meta name=\"twitter:label2\" content=\"Gesch\u00e4tzte Lesezeit\" \/>\n\t<meta name=\"twitter:data2\" content=\"1\u00a0Minute\" \/>\n<script type=\"application\/ld+json\" class=\"yoast-schema-graph\">{\"@context\":\"https:\/\/schema.org\",\"@graph\":[{\"@type\":\"WebPage\",\"@id\":\"https:\/\/dollernersc.de\/?p=5872\",\"url\":\"https:\/\/dollernersc.de\/?p=5872\",\"name\":\"Jahreshauptversammlung am 8. M\u00e4rz - Dollerner Sport-Club e.V.\",\"isPartOf\":{\"@id\":\"https:\/\/dollernersc.de\/#website\"},\"primaryImageOfPage\":{\"@id\":\"https:\/\/dollernersc.de\/?p=5872#primaryimage\"},\"image\":{\"@id\":\"https:\/\/dollernersc.de\/?p=5872#primaryimage\"},\"thumbnailUrl\":\"https:\/\/dollernersc.de\/wp-content\/uploads\/2024\/02\/JHV2024.jpg\",\"datePublished\":\"2024-02-23T10:13:26+00:00\",\"dateModified\":\"2024-02-23T10:14:00+00:00\",\"author\":{\"@id\":\"https:\/\/dollernersc.de\/#\/schema\/person\/7536dc7365c03c404c28b6d007ae097e\"},\"breadcrumb\":{\"@id\":\"https:\/\/dollernersc.de\/?p=5872#breadcrumb\"},\"inLanguage\":\"de\",\"potentialAction\":[{\"@type\":\"ReadAction\",\"target\":[\"https:\/\/dollernersc.de\/?p=5872\"]}]},{\"@type\":\"ImageObject\",\"inLanguage\":\"de\",\"@id\":\"https:\/\/dollernersc.de\/?p=5872#primaryimage\",\"url\":\"https:\/\/dollernersc.de\/wp-content\/uploads\/2024\/02\/JHV2024.jpg\",\"contentUrl\":\"https:\/\/dollernersc.de\/wp-content\/uploads\/2024\/02\/JHV2024.jpg\",\"width\":639,\"height\":921},{\"@type\":\"BreadcrumbList\",\"@id\":\"https:\/\/dollernersc.de\/?p=5872#breadcrumb\",\"itemListElement\":[{\"@type\":\"ListItem\",\"position\":1,\"name\":\"Startseite\",\"item\":\"https:\/\/dollernersc.de\/\"},{\"@type\":\"ListItem\",\"position\":2,\"name\":\"Jahreshauptversammlung am 8. M\u00e4rz\"}]},{\"@type\":\"WebSite\",\"@id\":\"https:\/\/dollernersc.de\/#website\",\"url\":\"https:\/\/dollernersc.de\/\",\"name\":\"Dollerner Sport-Club e.V.\",\"description\":\"\",\"potentialAction\":[{\"@type\":\"SearchAction\",\"target\":{\"@type\":\"EntryPoint\",\"urlTemplate\":\"https:\/\/dollernersc.de\/?s={search_term_string}\"},\"query-input\":\"required name=search_term_string\"}],\"inLanguage\":\"de\"},{\"@type\":\"Person\",\"@id\":\"https:\/\/dollernersc.de\/#\/schema\/person\/7536dc7365c03c404c28b6d007ae097e\",\"name\":\"Dollerner SC\",\"image\":{\"@type\":\"ImageObject\",\"inLanguage\":\"de\",\"@id\":\"https:\/\/dollernersc.de\/#\/schema\/person\/image\/\",\"url\":\"https:\/\/secure.gravatar.com\/avatar\/cc3b6265e4a748b324092868a60258b9?s=96&d=mm&r=g\",\"contentUrl\":\"https:\/\/secure.gravatar.com\/avatar\/cc3b6265e4a748b324092868a60258b9?s=96&d=mm&r=g\",\"caption\":\"Dollerner SC\"},\"url\":\"https:\/\/dollernersc.de\/?author=1\"}]}<\/script>\n<!-- \/ Yoast SEO plugin. -->","yoast_head_json":{"title":"Jahreshauptversammlung am 8. M\u00e4rz - Dollerner Sport-Club e.V.","robots":{"index":"index","follow":"follow","max-snippet":"max-snippet:-1","max-image-preview":"max-image-preview:large","max-video-preview":"max-video-preview:-1"},"canonical":"https:\/\/dollernersc.de\/?p=5872","og_locale":"de_DE","og_type":"article","og_title":"Jahreshauptversammlung am 8. M\u00e4rz - Dollerner Sport-Club e.V.","og_description":"Am Freitag, den 8. M\u00e4rz, findet die Jahreshauptversammlung 2024 im B\u00fcrgerb\u00fcro Dollern ab 19:30 Uhr statt.","og_url":"https:\/\/dollernersc.de\/?p=5872","og_site_name":"Dollerner Sport-Club e.V.","article_published_time":"2024-02-23T10:13:26+00:00","article_modified_time":"2024-02-23T10:14:00+00:00","og_image":[{"width":639,"height":921,"url":"https:\/\/dollernersc.de\/wp-content\/uploads\/2024\/02\/JHV2024.jpg","type":"image\/jpeg"}],"author":"Dollerner SC","twitter_card":"summary_large_image","twitter_misc":{"Verfasst von":"Dollerner SC","Gesch\u00e4tzte Lesezeit":"1\u00a0Minute"},"schema":{"@context":"https:\/\/schema.org","@graph":[{"@type":"WebPage","@id":"https:\/\/dollernersc.de\/?p=5872","url":"https:\/\/dollernersc.de\/?p=5872","name":"Jahreshauptversammlung am 8. M\u00e4rz - Dollerner Sport-Club e.V.","isPartOf":{"@id":"https:\/\/dollernersc.de\/#website"},"primaryImageOfPage":{"@id":"https:\/\/dollernersc.de\/?p=5872#primaryimage"},"image":{"@id":"https:\/\/dollernersc.de\/?p=5872#primaryimage"},"thumbnailUrl":"https:\/\/dollernersc.de\/wp-content\/uploads\/2024\/02\/JHV2024.jpg","datePublished":"2024-02-23T10:13:26+00:00","dateModified":"2024-02-23T10:14:00+00:00","author":{"@id":"https:\/\/dollernersc.de\/#\/schema\/person\/7536dc7365c03c404c28b6d007ae097e"},"breadcrumb":{"@id":"https:\/\/dollernersc.de\/?p=5872#breadcrumb"},"inLanguage":"de","potentialAction":[{"@type":"ReadAction","target":["https:\/\/dollernersc.de\/?p=5872"]}]},{"@type":"ImageObject","inLanguage":"de","@id":"https:\/\/dollernersc.de\/?p=5872#primaryimage","url":"https:\/\/dollernersc.de\/wp-content\/uploads\/2024\/02\/JHV2024.jpg","contentUrl":"https:\/\/dollernersc.de\/wp-content\/uploads\/2024\/02\/JHV2024.jpg","width":639,"height":921},{"@type":"BreadcrumbList","@id":"https:\/\/dollernersc.de\/?p=5872#breadcrumb","itemListElement":[{"@type":"ListItem","position":1,"name":"Startseite","item":"https:\/\/dollernersc.de\/"},{"@type":"ListItem","position":2,"name":"Jahreshauptversammlung am 8. M\u00e4rz"}]},{"@type":"WebSite","@id":"https:\/\/dollernersc.de\/#website","url":"https:\/\/dollernersc.de\/","name":"Dollerner Sport-Club e.V.","description":"","potentialAction":[{"@type":"SearchAction","target":{"@type":"EntryPoint","urlTemplate":"https:\/\/dollernersc.de\/?s={search_term_string}"},"query-input":"required name=search_term_string"}],"inLanguage":"de"},{"@type":"Person","@id":"https:\/\/dollernersc.de\/#\/schema\/person\/7536dc7365c03c404c28b6d007ae097e","name":"Dollerner SC","image":{"@type":"ImageObject","inLanguage":"de","@id":"https:\/\/dollernersc.de\/#\/schema\/person\/image\/","url":"https:\/\/secure.gravatar.com\/avatar\/cc3b6265e4a748b324092868a60258b9?s=96&d=mm&r=g","contentUrl":"https:\/\/secure.gravatar.com\/avatar\/cc3b6265e4a748b324092868a60258b9?s=96&d=mm&r=g","caption":"Dollerner SC"},"url":"https:\/\/dollernersc.de\/?author=1"}]}},"_links":{"self":[{"href":"https:\/\/dollernersc.de\/index.php?rest_route=\/wp\/v2\/posts\/5872"}],"collection":[{"href":"https:\/\/dollernersc.de\/index.php?rest_route=\/wp\/v2\/posts"}],"about":[{"href":"https:\/\/dollernersc.de\/index.php?rest_route=\/wp\/v2\/types\/post"}],"author":[{"embeddable":true,"href":"https:\/\/dollernersc.de\/index.php?rest_route=\/wp\/v2\/users\/1"}],"replies":[{"embeddable":true,"href":"https:\/\/dollernersc.de\/index.php?rest_route=%2Fwp%2Fv2%2Fcomments&post=5872"}],"version-history":[{"count":1,"href":"https:\/\/dollernersc.de\/index.php?rest_route=\/wp\/v2\/posts\/5872\/revisions"}],"predecessor-version":[{"id":5873,"href":"https:\/\/dollernersc.de\/index.php?rest_route=\/wp\/v2\/posts\/5872\/revisions\/5873"}],"wp:featuredmedia":[{"embeddable":true,"href":"https:\/\/dollernersc.de\/index.php?rest_route=\/wp\/v2\/media\/5870"}],"wp:attachment":[{"href":"https:\/\/dollernersc.de\/index.php?rest_route=%2Fwp%2Fv2%2Fmedia&parent=5872"}],"wp:term":[{"taxonomy":"category","embeddable":true,"href":"https:\/\/dollernersc.de\/index.php?rest_route=%2Fwp%2Fv2%2Fcategories&post=5872"},{"taxonomy":"post_tag","embeddable":true,"href":"https:\/\/dollernersc.de\/index.php?rest_route=%2Fwp%2Fv2%2Ftags&post=5872"}],"curies":[{"name":"wp","href":"https:\/\/api.w.org\/{rel}","templated":true}]}}