{"id":5684,"date":"2022-11-09T11:51:40","date_gmt":"2022-11-09T10:51:40","guid":{"rendered":"https:\/\/dollernersc.de\/?p=5684"},"modified":"2022-11-09T11:51:43","modified_gmt":"2022-11-09T10:51:43","slug":"fussball-ehrung-vom-nfv-kreisstade-fuer-wolfgang-westphal","status":"publish","type":"post","link":"https:\/\/dollernersc.de\/?p=5684","title":{"rendered":"Fu\u00dfball: Ehrung vom NFV Kreisstade f\u00fcr Wolfgang Westphal"},"content":{"rendered":"\n<p><strong>Der Nieders\u00e4chsische Fu\u00dfballverband Kreis Stade hat seine 15 engagiertesten Ehrenamtlichen ausgezeichnet. Es sind Menschen, die f\u00fcr ihre Vereine alles geben.<\/strong> Einer davon ist Wolfgang Westphal.<\/p>\n\n\n\n<p>Wolfgang Westphal hat die Fu\u00dfballsparte des Dollerner SC gegr\u00fcndet, war inoffiziell 32 Jahre lang deren Chef, hat den Bau eines Sportplatzes initiiert und ist Mitbesitzer einer Flutlichtanlage. Wolfgang Westphal erhielt eine Menge Gegenwind, als er den Fu\u00dfball beim DSC etablieren wollte, \u00fcberzeugte die Kritiker letztlich aber doch mit den besseren Argumenten.<\/p>\n\n\n\n<p>Im Jahr 2012 besorgte er als Mitarbeiter des Hamburger Hafens kosteng\u00fcnstig das Material f\u00fcr eine neue Flutlichtanlage.<\/p>\n\n\n\n<p><a href=\"https:\/\/www.tageblatt.de\/lokales\/lokalesalle_artikel,-fu%C3%9Fball-ist-sein-leben-h%C3%B6chste-dfb-ehrung-f%C3%BCrheiko-reinboth-_arid,2684059.html\">Stader Tageblatt\/Berlin<\/a><\/p>\n","protected":false},"excerpt":{"rendered":"<p>Der Nieders\u00e4chsische Fu\u00dfballverband Kreis Stade hat seine 15 engagiertesten Ehrenamtlichen ausgezeichnet. Es sind Menschen, die f\u00fcr ihre Vereine alles geben. Einer davon ist Wolfgang Westphal. Wolfgang Westphal hat die Fu\u00dfballsparte&#8230;<\/p>\n","protected":false},"author":1,"featured_media":5685,"comment_status":"closed","ping_status":"open","sticky":false,"template":"","format":"standard","meta":{"footnotes":""},"categories":[46],"tags":[],"yoast_head":"<!-- This site is optimized with the Yoast SEO plugin v22.9 - https:\/\/yoast.com\/wordpress\/plugins\/seo\/ -->\n<title>Fu\u00dfball: Ehrung vom NFV Kreisstade f\u00fcr Wolfgang Westphal - Dollerner Sport-Club e.V.<\/title>\n<meta name=\"robots\" content=\"index, follow, max-snippet:-1, max-image-preview:large, max-video-preview:-1\" \/>\n<link rel=\"canonical\" href=\"https:\/\/dollernersc.de\/?p=5684\" \/>\n<meta property=\"og:locale\" content=\"de_DE\" \/>\n<meta property=\"og:type\" content=\"article\" \/>\n<meta property=\"og:title\" content=\"Fu\u00dfball: Ehrung vom NFV Kreisstade f\u00fcr Wolfgang Westphal - Dollerner Sport-Club e.V.\" \/>\n<meta property=\"og:description\" content=\"Der Nieders\u00e4chsische Fu\u00dfballverband Kreis Stade hat seine 15 engagiertesten Ehrenamtlichen ausgezeichnet. Es sind Menschen, die f\u00fcr ihre Vereine alles geben. Einer davon ist Wolfgang Westphal. Wolfgang Westphal hat die Fu\u00dfballsparte...\" \/>\n<meta property=\"og:url\" content=\"https:\/\/dollernersc.de\/?p=5684\" \/>\n<meta property=\"og:site_name\" content=\"Dollerner Sport-Club e.V.\" \/>\n<meta property=\"article:published_time\" content=\"2022-11-09T10:51:40+00:00\" \/>\n<meta property=\"article:modified_time\" content=\"2022-11-09T10:51:43+00:00\" \/>\n<meta property=\"og:image\" content=\"https:\/\/dollernersc.de\/wp-content\/uploads\/2022\/11\/westphal.jpg\" \/>\n\t<meta property=\"og:image:width\" content=\"800\" \/>\n\t<meta property=\"og:image:height\" content=\"450\" \/>\n\t<meta property=\"og:image:type\" content=\"image\/jpeg\" \/>\n<meta name=\"author\" content=\"Dollerner SC\" \/>\n<meta name=\"twitter:card\" content=\"summary_large_image\" \/>\n<meta name=\"twitter:label1\" content=\"Verfasst von\" \/>\n\t<meta name=\"twitter:data1\" content=\"Dollerner SC\" \/>\n\t<meta name=\"twitter:label2\" content=\"Gesch\u00e4tzte Lesezeit\" \/>\n\t<meta name=\"twitter:data2\" content=\"1\u00a0Minute\" \/>\n<script type=\"application\/ld+json\" class=\"yoast-schema-graph\">{\"@context\":\"https:\/\/schema.org\",\"@graph\":[{\"@type\":\"WebPage\",\"@id\":\"https:\/\/dollernersc.de\/?p=5684\",\"url\":\"https:\/\/dollernersc.de\/?p=5684\",\"name\":\"Fu\u00dfball: Ehrung vom NFV Kreisstade f\u00fcr Wolfgang Westphal - Dollerner Sport-Club e.V.\",\"isPartOf\":{\"@id\":\"https:\/\/dollernersc.de\/#website\"},\"primaryImageOfPage\":{\"@id\":\"https:\/\/dollernersc.de\/?p=5684#primaryimage\"},\"image\":{\"@id\":\"https:\/\/dollernersc.de\/?p=5684#primaryimage\"},\"thumbnailUrl\":\"https:\/\/dollernersc.de\/wp-content\/uploads\/2022\/11\/westphal.jpg\",\"datePublished\":\"2022-11-09T10:51:40+00:00\",\"dateModified\":\"2022-11-09T10:51:43+00:00\",\"author\":{\"@id\":\"https:\/\/dollernersc.de\/#\/schema\/person\/7536dc7365c03c404c28b6d007ae097e\"},\"breadcrumb\":{\"@id\":\"https:\/\/dollernersc.de\/?p=5684#breadcrumb\"},\"inLanguage\":\"de\",\"potentialAction\":[{\"@type\":\"ReadAction\",\"target\":[\"https:\/\/dollernersc.de\/?p=5684\"]}]},{\"@type\":\"ImageObject\",\"inLanguage\":\"de\",\"@id\":\"https:\/\/dollernersc.de\/?p=5684#primaryimage\",\"url\":\"https:\/\/dollernersc.de\/wp-content\/uploads\/2022\/11\/westphal.jpg\",\"contentUrl\":\"https:\/\/dollernersc.de\/wp-content\/uploads\/2022\/11\/westphal.jpg\",\"width\":800,\"height\":450},{\"@type\":\"BreadcrumbList\",\"@id\":\"https:\/\/dollernersc.de\/?p=5684#breadcrumb\",\"itemListElement\":[{\"@type\":\"ListItem\",\"position\":1,\"name\":\"Startseite\",\"item\":\"https:\/\/dollernersc.de\/\"},{\"@type\":\"ListItem\",\"position\":2,\"name\":\"Fu\u00dfball: Ehrung vom NFV Kreisstade f\u00fcr Wolfgang Westphal\"}]},{\"@type\":\"WebSite\",\"@id\":\"https:\/\/dollernersc.de\/#website\",\"url\":\"https:\/\/dollernersc.de\/\",\"name\":\"Dollerner Sport-Club e.V.\",\"description\":\"\",\"potentialAction\":[{\"@type\":\"SearchAction\",\"target\":{\"@type\":\"EntryPoint\",\"urlTemplate\":\"https:\/\/dollernersc.de\/?s={search_term_string}\"},\"query-input\":\"required name=search_term_string\"}],\"inLanguage\":\"de\"},{\"@type\":\"Person\",\"@id\":\"https:\/\/dollernersc.de\/#\/schema\/person\/7536dc7365c03c404c28b6d007ae097e\",\"name\":\"Dollerner SC\",\"image\":{\"@type\":\"ImageObject\",\"inLanguage\":\"de\",\"@id\":\"https:\/\/dollernersc.de\/#\/schema\/person\/image\/\",\"url\":\"https:\/\/secure.gravatar.com\/avatar\/cc3b6265e4a748b324092868a60258b9?s=96&d=mm&r=g\",\"contentUrl\":\"https:\/\/secure.gravatar.com\/avatar\/cc3b6265e4a748b324092868a60258b9?s=96&d=mm&r=g\",\"caption\":\"Dollerner SC\"},\"url\":\"https:\/\/dollernersc.de\/?author=1\"}]}<\/script>\n<!-- \/ Yoast SEO plugin. -->","yoast_head_json":{"title":"Fu\u00dfball: Ehrung vom NFV Kreisstade f\u00fcr Wolfgang Westphal - Dollerner Sport-Club e.V.","robots":{"index":"index","follow":"follow","max-snippet":"max-snippet:-1","max-image-preview":"max-image-preview:large","max-video-preview":"max-video-preview:-1"},"canonical":"https:\/\/dollernersc.de\/?p=5684","og_locale":"de_DE","og_type":"article","og_title":"Fu\u00dfball: Ehrung vom NFV Kreisstade f\u00fcr Wolfgang Westphal - Dollerner Sport-Club e.V.","og_description":"Der Nieders\u00e4chsische Fu\u00dfballverband Kreis Stade hat seine 15 engagiertesten Ehrenamtlichen ausgezeichnet. Es sind Menschen, die f\u00fcr ihre Vereine alles geben. Einer davon ist Wolfgang Westphal. Wolfgang Westphal hat die Fu\u00dfballsparte...","og_url":"https:\/\/dollernersc.de\/?p=5684","og_site_name":"Dollerner Sport-Club e.V.","article_published_time":"2022-11-09T10:51:40+00:00","article_modified_time":"2022-11-09T10:51:43+00:00","og_image":[{"width":800,"height":450,"url":"https:\/\/dollernersc.de\/wp-content\/uploads\/2022\/11\/westphal.jpg","type":"image\/jpeg"}],"author":"Dollerner SC","twitter_card":"summary_large_image","twitter_misc":{"Verfasst von":"Dollerner SC","Gesch\u00e4tzte Lesezeit":"1\u00a0Minute"},"schema":{"@context":"https:\/\/schema.org","@graph":[{"@type":"WebPage","@id":"https:\/\/dollernersc.de\/?p=5684","url":"https:\/\/dollernersc.de\/?p=5684","name":"Fu\u00dfball: Ehrung vom NFV Kreisstade f\u00fcr Wolfgang Westphal - Dollerner Sport-Club e.V.","isPartOf":{"@id":"https:\/\/dollernersc.de\/#website"},"primaryImageOfPage":{"@id":"https:\/\/dollernersc.de\/?p=5684#primaryimage"},"image":{"@id":"https:\/\/dollernersc.de\/?p=5684#primaryimage"},"thumbnailUrl":"https:\/\/dollernersc.de\/wp-content\/uploads\/2022\/11\/westphal.jpg","datePublished":"2022-11-09T10:51:40+00:00","dateModified":"2022-11-09T10:51:43+00:00","author":{"@id":"https:\/\/dollernersc.de\/#\/schema\/person\/7536dc7365c03c404c28b6d007ae097e"},"breadcrumb":{"@id":"https:\/\/dollernersc.de\/?p=5684#breadcrumb"},"inLanguage":"de","potentialAction":[{"@type":"ReadAction","target":["https:\/\/dollernersc.de\/?p=5684"]}]},{"@type":"ImageObject","inLanguage":"de","@id":"https:\/\/dollernersc.de\/?p=5684#primaryimage","url":"https:\/\/dollernersc.de\/wp-content\/uploads\/2022\/11\/westphal.jpg","contentUrl":"https:\/\/dollernersc.de\/wp-content\/uploads\/2022\/11\/westphal.jpg","width":800,"height":450},{"@type":"BreadcrumbList","@id":"https:\/\/dollernersc.de\/?p=5684#breadcrumb","itemListElement":[{"@type":"ListItem","position":1,"name":"Startseite","item":"https:\/\/dollernersc.de\/"},{"@type":"ListItem","position":2,"name":"Fu\u00dfball: Ehrung vom NFV Kreisstade f\u00fcr Wolfgang Westphal"}]},{"@type":"WebSite","@id":"https:\/\/dollernersc.de\/#website","url":"https:\/\/dollernersc.de\/","name":"Dollerner Sport-Club e.V.","description":"","potentialAction":[{"@type":"SearchAction","target":{"@type":"EntryPoint","urlTemplate":"https:\/\/dollernersc.de\/?s={search_term_string}"},"query-input":"required name=search_term_string"}],"inLanguage":"de"},{"@type":"Person","@id":"https:\/\/dollernersc.de\/#\/schema\/person\/7536dc7365c03c404c28b6d007ae097e","name":"Dollerner SC","image":{"@type":"ImageObject","inLanguage":"de","@id":"https:\/\/dollernersc.de\/#\/schema\/person\/image\/","url":"https:\/\/secure.gravatar.com\/avatar\/cc3b6265e4a748b324092868a60258b9?s=96&d=mm&r=g","contentUrl":"https:\/\/secure.gravatar.com\/avatar\/cc3b6265e4a748b324092868a60258b9?s=96&d=mm&r=g","caption":"Dollerner SC"},"url":"https:\/\/dollernersc.de\/?author=1"}]}},"_links":{"self":[{"href":"https:\/\/dollernersc.de\/index.php?rest_route=\/wp\/v2\/posts\/5684"}],"collection":[{"href":"https:\/\/dollernersc.de\/index.php?rest_route=\/wp\/v2\/posts"}],"about":[{"href":"https:\/\/dollernersc.de\/index.php?rest_route=\/wp\/v2\/types\/post"}],"author":[{"embeddable":true,"href":"https:\/\/dollernersc.de\/index.php?rest_route=\/wp\/v2\/users\/1"}],"replies":[{"embeddable":true,"href":"https:\/\/dollernersc.de\/index.php?rest_route=%2Fwp%2Fv2%2Fcomments&post=5684"}],"version-history":[{"count":1,"href":"https:\/\/dollernersc.de\/index.php?rest_route=\/wp\/v2\/posts\/5684\/revisions"}],"predecessor-version":[{"id":5686,"href":"https:\/\/dollernersc.de\/index.php?rest_route=\/wp\/v2\/posts\/5684\/revisions\/5686"}],"wp:featuredmedia":[{"embeddable":true,"href":"https:\/\/dollernersc.de\/index.php?rest_route=\/wp\/v2\/media\/5685"}],"wp:attachment":[{"href":"https:\/\/dollernersc.de\/index.php?rest_route=%2Fwp%2Fv2%2Fmedia&parent=5684"}],"wp:term":[{"taxonomy":"category","embeddable":true,"href":"https:\/\/dollernersc.de\/index.php?rest_route=%2Fwp%2Fv2%2Fcategories&post=5684"},{"taxonomy":"post_tag","embeddable":true,"href":"https:\/\/dollernersc.de\/index.php?rest_route=%2Fwp%2Fv2%2Ftags&post=5684"}],"curies":[{"name":"wp","href":"https:\/\/api.w.org\/{rel}","templated":true}]}}