{"id":4540,"date":"2019-12-09T16:50:37","date_gmt":"2019-12-09T15:50:37","guid":{"rendered":"http:\/\/ferienwohnungen-dollern.de\/?p=4540"},"modified":"2020-05-25T12:12:06","modified_gmt":"2020-05-25T12:12:06","slug":"ehrenamt-ueberrascht-jugendkoordinator","status":"publish","type":"post","link":"https:\/\/dollernersc.de\/?p=4540","title":{"rendered":"Ehrenamt \u00fcberrascht Jugendkoordinator"},"content":{"rendered":"<p>Im Rahmen der diesj\u00e4hrigen Weihnachtsfeier wurde unser Jugendkoordinator Christoph Wichern vom Kreissportbund, in Vertretung von Uwe Weski, und unserem 1. Vorsitzenden \u00fcberrascht. Mit einem lauten Knall aus der Konfettikanone haben wir die Gelegenheit genutzt die vielen ehrenamtlichen Stunden in der Vereinsarbeit, speziell im Bereich Jugend und \u00d6ffentlichkeitsarbeit, von Christoph zu w\u00fcrdigen. Zu dem \u00dcberraschungspaket geh\u00f6ren eine Urkunde vom LSB und KSB, sowie kleinere n\u00fctzliche Helfer f\u00fcr das Ehrenamt.<\/p>\n<p><img loading=\"lazy\" decoding=\"async\" class=\" wp-image-5045 aligncenter\" src=\"https:\/\/dollernersc.de\/wp-content\/uploads\/2019\/12\/WhatsApp-Image-2019-12-08-at-20.05.47-225x300.jpeg\" alt=\"\" width=\"361\" height=\"481\" srcset=\"https:\/\/dollernersc.de\/wp-content\/uploads\/2019\/12\/WhatsApp-Image-2019-12-08-at-20.05.47-225x300.jpeg 225w, https:\/\/dollernersc.de\/wp-content\/uploads\/2019\/12\/WhatsApp-Image-2019-12-08-at-20.05.47-768x1024.jpeg 768w, https:\/\/dollernersc.de\/wp-content\/uploads\/2019\/12\/WhatsApp-Image-2019-12-08-at-20.05.47-1152x1536.jpeg 1152w, https:\/\/dollernersc.de\/wp-content\/uploads\/2019\/12\/WhatsApp-Image-2019-12-08-at-20.05.47.jpeg 1200w\" sizes=\"(max-width: 361px) 100vw, 361px\" \/><\/p>\n<p>Bis vor 5 Jahren gab es im Jugendbereich keine einzige Mannschaft im Vereinswettbewerb. Durch zahlreiche Aktionen mit der ortans\u00e4ssigen Schule, dem Kindergarten und vereinzelten Aktionstagen konnten immer mehr Kinder in die Halle gelockt werden und somit den Spa\u00df an Handball und Fu\u00dfball entdecken. Mittlerweile sind es vier Jugendmannschaften im Spielbetrieb und bei den ganz Kleinen rutschen auch in den n\u00e4chsten Jahren neue Mannschaften nach. Mit Christoph an der Spitze der Organisation haben wir einen ganz starken Ehrenamtler bei uns im Verein. Das Team der Jugendtrainer und -betreuer unterst\u00fctzt ihn gern bei der Arbeit.<\/p>\n","protected":false},"excerpt":{"rendered":"<p>Im Rahmen der diesj\u00e4hrigen Weihnachtsfeier wurde unser Jugendkoordinator Christoph Wichern vom Kreissportbund, in Vertretung von Uwe Weski, und unserem 1. Vorsitzenden \u00fcberrascht. Mit einem lauten Knall aus der Konfettikanone haben&#8230;<\/p>\n","protected":false},"author":2,"featured_media":5045,"comment_status":"closed","ping_status":"closed","sticky":false,"template":"","format":"standard","meta":{"footnotes":""},"categories":[46],"tags":[],"yoast_head":"<!-- This site is optimized with the Yoast SEO plugin v22.9 - https:\/\/yoast.com\/wordpress\/plugins\/seo\/ -->\n<title>Ehrenamt \u00fcberrascht Jugendkoordinator - Dollerner Sport-Club e.V.<\/title>\n<meta name=\"robots\" content=\"index, follow, max-snippet:-1, max-image-preview:large, max-video-preview:-1\" \/>\n<link rel=\"canonical\" href=\"https:\/\/dollernersc.de\/?p=4540\" \/>\n<meta property=\"og:locale\" content=\"de_DE\" \/>\n<meta property=\"og:type\" content=\"article\" \/>\n<meta property=\"og:title\" content=\"Ehrenamt \u00fcberrascht Jugendkoordinator - Dollerner Sport-Club e.V.\" \/>\n<meta property=\"og:description\" content=\"Im Rahmen der diesj\u00e4hrigen Weihnachtsfeier wurde unser Jugendkoordinator Christoph Wichern vom Kreissportbund, in Vertretung von Uwe Weski, und unserem 1. Vorsitzenden \u00fcberrascht. Mit einem lauten Knall aus der Konfettikanone haben...\" \/>\n<meta property=\"og:url\" content=\"https:\/\/dollernersc.de\/?p=4540\" \/>\n<meta property=\"og:site_name\" content=\"Dollerner Sport-Club e.V.\" \/>\n<meta property=\"article:published_time\" content=\"2019-12-09T15:50:37+00:00\" \/>\n<meta property=\"article:modified_time\" content=\"2020-05-25T12:12:06+00:00\" \/>\n<meta property=\"og:image\" content=\"https:\/\/dollernersc.de\/wp-content\/uploads\/2019\/12\/WhatsApp-Image-2019-12-08-at-20.05.47.jpeg\" \/>\n\t<meta property=\"og:image:width\" content=\"1200\" \/>\n\t<meta property=\"og:image:height\" content=\"1600\" \/>\n\t<meta property=\"og:image:type\" content=\"image\/jpeg\" \/>\n<meta name=\"author\" content=\"Dollerner SC-2\" \/>\n<meta name=\"twitter:card\" content=\"summary_large_image\" \/>\n<meta name=\"twitter:label1\" content=\"Verfasst von\" \/>\n\t<meta name=\"twitter:data1\" content=\"Dollerner SC-2\" \/>\n\t<meta name=\"twitter:label2\" content=\"Gesch\u00e4tzte Lesezeit\" \/>\n\t<meta name=\"twitter:data2\" content=\"1\u00a0Minute\" \/>\n<script type=\"application\/ld+json\" class=\"yoast-schema-graph\">{\"@context\":\"https:\/\/schema.org\",\"@graph\":[{\"@type\":\"WebPage\",\"@id\":\"https:\/\/dollernersc.de\/?p=4540\",\"url\":\"https:\/\/dollernersc.de\/?p=4540\",\"name\":\"Ehrenamt \u00fcberrascht Jugendkoordinator - Dollerner Sport-Club e.V.\",\"isPartOf\":{\"@id\":\"https:\/\/dollernersc.de\/#website\"},\"primaryImageOfPage\":{\"@id\":\"https:\/\/dollernersc.de\/?p=4540#primaryimage\"},\"image\":{\"@id\":\"https:\/\/dollernersc.de\/?p=4540#primaryimage\"},\"thumbnailUrl\":\"https:\/\/dollernersc.de\/wp-content\/uploads\/2019\/12\/WhatsApp-Image-2019-12-08-at-20.05.47.jpeg\",\"datePublished\":\"2019-12-09T15:50:37+00:00\",\"dateModified\":\"2020-05-25T12:12:06+00:00\",\"author\":{\"@id\":\"https:\/\/dollernersc.de\/#\/schema\/person\/94523faa75173425a7242c727a278608\"},\"breadcrumb\":{\"@id\":\"https:\/\/dollernersc.de\/?p=4540#breadcrumb\"},\"inLanguage\":\"de\",\"potentialAction\":[{\"@type\":\"ReadAction\",\"target\":[\"https:\/\/dollernersc.de\/?p=4540\"]}]},{\"@type\":\"ImageObject\",\"inLanguage\":\"de\",\"@id\":\"https:\/\/dollernersc.de\/?p=4540#primaryimage\",\"url\":\"https:\/\/dollernersc.de\/wp-content\/uploads\/2019\/12\/WhatsApp-Image-2019-12-08-at-20.05.47.jpeg\",\"contentUrl\":\"https:\/\/dollernersc.de\/wp-content\/uploads\/2019\/12\/WhatsApp-Image-2019-12-08-at-20.05.47.jpeg\",\"width\":1200,\"height\":1600},{\"@type\":\"BreadcrumbList\",\"@id\":\"https:\/\/dollernersc.de\/?p=4540#breadcrumb\",\"itemListElement\":[{\"@type\":\"ListItem\",\"position\":1,\"name\":\"Startseite\",\"item\":\"https:\/\/dollernersc.de\/\"},{\"@type\":\"ListItem\",\"position\":2,\"name\":\"Ehrenamt \u00fcberrascht Jugendkoordinator\"}]},{\"@type\":\"WebSite\",\"@id\":\"https:\/\/dollernersc.de\/#website\",\"url\":\"https:\/\/dollernersc.de\/\",\"name\":\"Dollerner Sport-Club e.V.\",\"description\":\"\",\"potentialAction\":[{\"@type\":\"SearchAction\",\"target\":{\"@type\":\"EntryPoint\",\"urlTemplate\":\"https:\/\/dollernersc.de\/?s={search_term_string}\"},\"query-input\":\"required name=search_term_string\"}],\"inLanguage\":\"de\"},{\"@type\":\"Person\",\"@id\":\"https:\/\/dollernersc.de\/#\/schema\/person\/94523faa75173425a7242c727a278608\",\"name\":\"Dollerner SC-2\",\"image\":{\"@type\":\"ImageObject\",\"inLanguage\":\"de\",\"@id\":\"https:\/\/dollernersc.de\/#\/schema\/person\/image\/\",\"url\":\"https:\/\/secure.gravatar.com\/avatar\/2c63a36463c16d97b67e34508ee85476?s=96&d=mm&r=g\",\"contentUrl\":\"https:\/\/secure.gravatar.com\/avatar\/2c63a36463c16d97b67e34508ee85476?s=96&d=mm&r=g\",\"caption\":\"Dollerner SC-2\"},\"url\":\"https:\/\/dollernersc.de\/?author=2\"}]}<\/script>\n<!-- \/ Yoast SEO plugin. -->","yoast_head_json":{"title":"Ehrenamt \u00fcberrascht Jugendkoordinator - Dollerner Sport-Club e.V.","robots":{"index":"index","follow":"follow","max-snippet":"max-snippet:-1","max-image-preview":"max-image-preview:large","max-video-preview":"max-video-preview:-1"},"canonical":"https:\/\/dollernersc.de\/?p=4540","og_locale":"de_DE","og_type":"article","og_title":"Ehrenamt \u00fcberrascht Jugendkoordinator - Dollerner Sport-Club e.V.","og_description":"Im Rahmen der diesj\u00e4hrigen Weihnachtsfeier wurde unser Jugendkoordinator Christoph Wichern vom Kreissportbund, in Vertretung von Uwe Weski, und unserem 1. Vorsitzenden \u00fcberrascht. Mit einem lauten Knall aus der Konfettikanone haben...","og_url":"https:\/\/dollernersc.de\/?p=4540","og_site_name":"Dollerner Sport-Club e.V.","article_published_time":"2019-12-09T15:50:37+00:00","article_modified_time":"2020-05-25T12:12:06+00:00","og_image":[{"width":1200,"height":1600,"url":"https:\/\/dollernersc.de\/wp-content\/uploads\/2019\/12\/WhatsApp-Image-2019-12-08-at-20.05.47.jpeg","type":"image\/jpeg"}],"author":"Dollerner SC-2","twitter_card":"summary_large_image","twitter_misc":{"Verfasst von":"Dollerner SC-2","Gesch\u00e4tzte Lesezeit":"1\u00a0Minute"},"schema":{"@context":"https:\/\/schema.org","@graph":[{"@type":"WebPage","@id":"https:\/\/dollernersc.de\/?p=4540","url":"https:\/\/dollernersc.de\/?p=4540","name":"Ehrenamt \u00fcberrascht Jugendkoordinator - Dollerner Sport-Club e.V.","isPartOf":{"@id":"https:\/\/dollernersc.de\/#website"},"primaryImageOfPage":{"@id":"https:\/\/dollernersc.de\/?p=4540#primaryimage"},"image":{"@id":"https:\/\/dollernersc.de\/?p=4540#primaryimage"},"thumbnailUrl":"https:\/\/dollernersc.de\/wp-content\/uploads\/2019\/12\/WhatsApp-Image-2019-12-08-at-20.05.47.jpeg","datePublished":"2019-12-09T15:50:37+00:00","dateModified":"2020-05-25T12:12:06+00:00","author":{"@id":"https:\/\/dollernersc.de\/#\/schema\/person\/94523faa75173425a7242c727a278608"},"breadcrumb":{"@id":"https:\/\/dollernersc.de\/?p=4540#breadcrumb"},"inLanguage":"de","potentialAction":[{"@type":"ReadAction","target":["https:\/\/dollernersc.de\/?p=4540"]}]},{"@type":"ImageObject","inLanguage":"de","@id":"https:\/\/dollernersc.de\/?p=4540#primaryimage","url":"https:\/\/dollernersc.de\/wp-content\/uploads\/2019\/12\/WhatsApp-Image-2019-12-08-at-20.05.47.jpeg","contentUrl":"https:\/\/dollernersc.de\/wp-content\/uploads\/2019\/12\/WhatsApp-Image-2019-12-08-at-20.05.47.jpeg","width":1200,"height":1600},{"@type":"BreadcrumbList","@id":"https:\/\/dollernersc.de\/?p=4540#breadcrumb","itemListElement":[{"@type":"ListItem","position":1,"name":"Startseite","item":"https:\/\/dollernersc.de\/"},{"@type":"ListItem","position":2,"name":"Ehrenamt \u00fcberrascht Jugendkoordinator"}]},{"@type":"WebSite","@id":"https:\/\/dollernersc.de\/#website","url":"https:\/\/dollernersc.de\/","name":"Dollerner Sport-Club e.V.","description":"","potentialAction":[{"@type":"SearchAction","target":{"@type":"EntryPoint","urlTemplate":"https:\/\/dollernersc.de\/?s={search_term_string}"},"query-input":"required name=search_term_string"}],"inLanguage":"de"},{"@type":"Person","@id":"https:\/\/dollernersc.de\/#\/schema\/person\/94523faa75173425a7242c727a278608","name":"Dollerner SC-2","image":{"@type":"ImageObject","inLanguage":"de","@id":"https:\/\/dollernersc.de\/#\/schema\/person\/image\/","url":"https:\/\/secure.gravatar.com\/avatar\/2c63a36463c16d97b67e34508ee85476?s=96&d=mm&r=g","contentUrl":"https:\/\/secure.gravatar.com\/avatar\/2c63a36463c16d97b67e34508ee85476?s=96&d=mm&r=g","caption":"Dollerner SC-2"},"url":"https:\/\/dollernersc.de\/?author=2"}]}},"_links":{"self":[{"href":"https:\/\/dollernersc.de\/index.php?rest_route=\/wp\/v2\/posts\/4540"}],"collection":[{"href":"https:\/\/dollernersc.de\/index.php?rest_route=\/wp\/v2\/posts"}],"about":[{"href":"https:\/\/dollernersc.de\/index.php?rest_route=\/wp\/v2\/types\/post"}],"author":[{"embeddable":true,"href":"https:\/\/dollernersc.de\/index.php?rest_route=\/wp\/v2\/users\/2"}],"replies":[{"embeddable":true,"href":"https:\/\/dollernersc.de\/index.php?rest_route=%2Fwp%2Fv2%2Fcomments&post=4540"}],"version-history":[{"count":1,"href":"https:\/\/dollernersc.de\/index.php?rest_route=\/wp\/v2\/posts\/4540\/revisions"}],"predecessor-version":[{"id":5046,"href":"https:\/\/dollernersc.de\/index.php?rest_route=\/wp\/v2\/posts\/4540\/revisions\/5046"}],"wp:featuredmedia":[{"embeddable":true,"href":"https:\/\/dollernersc.de\/index.php?rest_route=\/wp\/v2\/media\/5045"}],"wp:attachment":[{"href":"https:\/\/dollernersc.de\/index.php?rest_route=%2Fwp%2Fv2%2Fmedia&parent=4540"}],"wp:term":[{"taxonomy":"category","embeddable":true,"href":"https:\/\/dollernersc.de\/index.php?rest_route=%2Fwp%2Fv2%2Fcategories&post=4540"},{"taxonomy":"post_tag","embeddable":true,"href":"https:\/\/dollernersc.de\/index.php?rest_route=%2Fwp%2Fv2%2Ftags&post=4540"}],"curies":[{"name":"wp","href":"https:\/\/api.w.org\/{rel}","templated":true}]}}