{"id":4416,"date":"2019-08-31T14:53:52","date_gmt":"2019-08-31T14:53:52","guid":{"rendered":"http:\/\/ferienwohnungen-dollern.de\/?p=4416"},"modified":"2020-05-25T12:13:50","modified_gmt":"2020-05-25T12:13:50","slug":"stader-tageblatt-buschteichlauf-findet-am-29-september-statt","status":"publish","type":"post","link":"https:\/\/dollernersc.de\/?p=4416","title":{"rendered":"Stader Tageblatt: Buschteichlauf findet am 29. September statt"},"content":{"rendered":"<p><b>DOLLERN. Der Dollerner B\u00fcrgerverein veranstaltet in Kooperation mit dem Dollerner Sport-Club am Sonntag, 29. September, den traditionellen Buschteichlauf. Hauptsponsor ist das Unternehmen Mohr. Interessierte L\u00e4ufer k\u00f6nnen sich ab sofort anmelden.<\/b><\/p>\n<p><img loading=\"lazy\" decoding=\"async\" class=\" wp-image-5048 aligncenter\" src=\"https:\/\/dollernersc.de\/wp-content\/uploads\/2019\/08\/4002362_1_articletopsmall_5d5aaee648ff7-300x119.jpg\" alt=\"\" width=\"416\" height=\"165\" srcset=\"https:\/\/dollernersc.de\/wp-content\/uploads\/2019\/08\/4002362_1_articletopsmall_5d5aaee648ff7-300x119.jpg 300w, https:\/\/dollernersc.de\/wp-content\/uploads\/2019\/08\/4002362_1_articletopsmall_5d5aaee648ff7-768x304.jpg 768w, https:\/\/dollernersc.de\/wp-content\/uploads\/2019\/08\/4002362_1_articletopsmall_5d5aaee648ff7.jpg 890w\" sizes=\"(max-width: 416px) 100vw, 416px\" \/><\/p>\n<p>Die Veranstalter bieten f\u00fcr Kinder bis etwa f\u00fcnf Jahren den sogenannten M\u00e4uselauf \u00fcber 200 Meter an. Start ist um 9.30 Uhr. Der Kinder- und Jugendlauf, der um 10 Uhr startet, richtet sich an L\u00e4ufer bis 16 Jahre und geht \u00fcber 2,3 Kilometer. Ebenfalls um 10 Uhr starten die Walker \u00fcber 4,6 Kilometer. Walking haben die Organisatoren das erste Mal im Angebot. Der B\u00fcrgerlauf ab 10.45 Uhr hat eine L\u00e4nge von 6,5 Kilometer und richtet sich vor allem an die Hobbyl\u00e4ufer aus Dollern und Umgebung. Zeitgleich beginnt der anspruchsvolle Hauptlauf \u00fcber 12,6 Kilometer. Start und Ziel sind an der Mehrzweckhalle am Tannenweg in Dollern.<\/p>\n<p>Vor zw\u00f6lf Jahren rief der Dollerner B\u00fcrgerverein den Buschteichlauf ins Leben. Im vergangenen Jahr mussten die Veranstalter den Lauf ausfallen lassen, weil der Hauptorganisator beruflich verhindert war. Jetzt kooperiert der B\u00fcrgerverein mit dem Sportverein und erschlie\u00dft sich damit eine ganz neue Zielgruppe. \u201eWir haben die Grundschule und den Kindergarten angesprochen\u201c, sagt Christoph Wichern vom Dollerner SC. Die Resonanz sei gro\u00df gewesen. Au\u00dferdem h\u00e4tten sich Sportler aus verschiedenen Sparten des Vereins angemeldet oder Interesse bekundet. Die Veranstalter hoffen auf bis zu 250 Teilnehmer.<\/p>\n<p>Der B\u00fcrgerlauf und der Hauptlauf punkten bei den Teilnehmern vor allem mit ihrer attraktiven Streckenf\u00fchrung vorbei an den namensgebenden Buschteichen. \u201eSelbst die ambitionierten L\u00e4ufer genie\u00dfen die Idylle\u201c, sagt Martin Dickner vom B\u00fcrgerverein. Dickner freue sich \u00fcber Spitzenzeiten, aber vor allem auch \u00fcber die Teilnahme der Freizeitsportler. Den Streckenrekord \u00fcber 12,6 Kilometer halten Christian Wiese (42:13 Min) und Svea Timm (53:42). \u00dcber 6,5 Kilometer sind die Zeiten von Dennis Dodt (22:47) und Josephine Noack (27:59) bislang unerreicht. \u201eMohr wird den Buschteichlauf auch weiterhin unterst\u00fctzen\u201c, sagt Volker Mohr. Das ganze Dorf sei an diesem Tag auf den Beinen. \u201eDas finden wir cool.\u201c<\/p>\n<h3>Anmeldung<\/h3>\n<p>Interessierte L\u00e4ufer k\u00f6nnen sich f\u00fcr den Buschteichlauf in Dollern am 29. September auf www.buschteichlauf-dollern.de anmelden.<\/p>\n<div id=\"attachment_4104\" style=\"width: 310px\" class=\"wp-caption aligncenter\"><a href=\"www.buschteichlauf-dollern.de\"><img loading=\"lazy\" decoding=\"async\" aria-describedby=\"caption-attachment-4104\" class=\"wp-image-4104 size-medium\" src=\"https:\/\/dollernersc.de\/wp-content\/uploads\/2018\/12\/anmeldung-buschteichlauf-01-300x114.png\" alt=\"\" width=\"300\" height=\"114\" \/><\/a><p id=\"caption-attachment-4104\" class=\"wp-caption-text\">Klick zur Weiterleitung<\/p><\/div>\n<p>Quelle: Stader Tageblatt, 19.8.2019, Daniel Berlin<\/p>\n","protected":false},"excerpt":{"rendered":"<p>DOLLERN. Der Dollerner B\u00fcrgerverein veranstaltet in Kooperation mit dem Dollerner Sport-Club am Sonntag, 29. September, den traditionellen Buschteichlauf. Hauptsponsor ist das Unternehmen Mohr. Interessierte L\u00e4ufer k\u00f6nnen sich ab sofort anmelden&#8230;.<\/p>\n","protected":false},"author":1,"featured_media":5049,"comment_status":"closed","ping_status":"closed","sticky":false,"template":"","format":"standard","meta":{"footnotes":""},"categories":[46],"tags":[],"yoast_head":"<!-- This site is optimized with the Yoast SEO plugin v22.9 - https:\/\/yoast.com\/wordpress\/plugins\/seo\/ -->\n<title>Stader Tageblatt: Buschteichlauf findet am 29. September statt - Dollerner Sport-Club e.V.<\/title>\n<meta name=\"robots\" content=\"index, follow, max-snippet:-1, max-image-preview:large, max-video-preview:-1\" \/>\n<link rel=\"canonical\" href=\"https:\/\/dollernersc.de\/?p=4416\" \/>\n<meta property=\"og:locale\" content=\"de_DE\" \/>\n<meta property=\"og:type\" content=\"article\" \/>\n<meta property=\"og:title\" content=\"Stader Tageblatt: Buschteichlauf findet am 29. September statt - Dollerner Sport-Club e.V.\" \/>\n<meta property=\"og:description\" content=\"DOLLERN. Der Dollerner B\u00fcrgerverein veranstaltet in Kooperation mit dem Dollerner Sport-Club am Sonntag, 29. September, den traditionellen Buschteichlauf. Hauptsponsor ist das Unternehmen Mohr. Interessierte L\u00e4ufer k\u00f6nnen sich ab sofort anmelden....\" \/>\n<meta property=\"og:url\" content=\"https:\/\/dollernersc.de\/?p=4416\" \/>\n<meta property=\"og:site_name\" content=\"Dollerner Sport-Club e.V.\" \/>\n<meta property=\"article:published_time\" content=\"2019-08-31T14:53:52+00:00\" \/>\n<meta property=\"article:modified_time\" content=\"2020-05-25T12:13:50+00:00\" \/>\n<meta property=\"og:image\" content=\"https:\/\/dollernersc.de\/wp-content\/uploads\/2019\/08\/4002362_1_articletopsmall_5d5aaee648ff7-1.jpg\" \/>\n\t<meta property=\"og:image:width\" content=\"890\" \/>\n\t<meta property=\"og:image:height\" content=\"352\" \/>\n\t<meta property=\"og:image:type\" content=\"image\/jpeg\" \/>\n<meta name=\"author\" content=\"Dollerner SC\" \/>\n<meta name=\"twitter:card\" content=\"summary_large_image\" \/>\n<meta name=\"twitter:label1\" content=\"Verfasst von\" \/>\n\t<meta name=\"twitter:data1\" content=\"Dollerner SC\" \/>\n\t<meta name=\"twitter:label2\" content=\"Gesch\u00e4tzte Lesezeit\" \/>\n\t<meta name=\"twitter:data2\" content=\"2\u00a0Minuten\" \/>\n<script type=\"application\/ld+json\" class=\"yoast-schema-graph\">{\"@context\":\"https:\/\/schema.org\",\"@graph\":[{\"@type\":\"WebPage\",\"@id\":\"https:\/\/dollernersc.de\/?p=4416\",\"url\":\"https:\/\/dollernersc.de\/?p=4416\",\"name\":\"Stader Tageblatt: Buschteichlauf findet am 29. September statt - Dollerner Sport-Club e.V.\",\"isPartOf\":{\"@id\":\"https:\/\/dollernersc.de\/#website\"},\"primaryImageOfPage\":{\"@id\":\"https:\/\/dollernersc.de\/?p=4416#primaryimage\"},\"image\":{\"@id\":\"https:\/\/dollernersc.de\/?p=4416#primaryimage\"},\"thumbnailUrl\":\"https:\/\/dollernersc.de\/wp-content\/uploads\/2019\/08\/4002362_1_articletopsmall_5d5aaee648ff7-1.jpg\",\"datePublished\":\"2019-08-31T14:53:52+00:00\",\"dateModified\":\"2020-05-25T12:13:50+00:00\",\"author\":{\"@id\":\"https:\/\/dollernersc.de\/#\/schema\/person\/7536dc7365c03c404c28b6d007ae097e\"},\"breadcrumb\":{\"@id\":\"https:\/\/dollernersc.de\/?p=4416#breadcrumb\"},\"inLanguage\":\"de\",\"potentialAction\":[{\"@type\":\"ReadAction\",\"target\":[\"https:\/\/dollernersc.de\/?p=4416\"]}]},{\"@type\":\"ImageObject\",\"inLanguage\":\"de\",\"@id\":\"https:\/\/dollernersc.de\/?p=4416#primaryimage\",\"url\":\"https:\/\/dollernersc.de\/wp-content\/uploads\/2019\/08\/4002362_1_articletopsmall_5d5aaee648ff7-1.jpg\",\"contentUrl\":\"https:\/\/dollernersc.de\/wp-content\/uploads\/2019\/08\/4002362_1_articletopsmall_5d5aaee648ff7-1.jpg\",\"width\":890,\"height\":352},{\"@type\":\"BreadcrumbList\",\"@id\":\"https:\/\/dollernersc.de\/?p=4416#breadcrumb\",\"itemListElement\":[{\"@type\":\"ListItem\",\"position\":1,\"name\":\"Startseite\",\"item\":\"https:\/\/dollernersc.de\/\"},{\"@type\":\"ListItem\",\"position\":2,\"name\":\"Stader Tageblatt: Buschteichlauf findet am 29. September statt\"}]},{\"@type\":\"WebSite\",\"@id\":\"https:\/\/dollernersc.de\/#website\",\"url\":\"https:\/\/dollernersc.de\/\",\"name\":\"Dollerner Sport-Club e.V.\",\"description\":\"\",\"potentialAction\":[{\"@type\":\"SearchAction\",\"target\":{\"@type\":\"EntryPoint\",\"urlTemplate\":\"https:\/\/dollernersc.de\/?s={search_term_string}\"},\"query-input\":\"required name=search_term_string\"}],\"inLanguage\":\"de\"},{\"@type\":\"Person\",\"@id\":\"https:\/\/dollernersc.de\/#\/schema\/person\/7536dc7365c03c404c28b6d007ae097e\",\"name\":\"Dollerner SC\",\"image\":{\"@type\":\"ImageObject\",\"inLanguage\":\"de\",\"@id\":\"https:\/\/dollernersc.de\/#\/schema\/person\/image\/\",\"url\":\"https:\/\/secure.gravatar.com\/avatar\/cc3b6265e4a748b324092868a60258b9?s=96&d=mm&r=g\",\"contentUrl\":\"https:\/\/secure.gravatar.com\/avatar\/cc3b6265e4a748b324092868a60258b9?s=96&d=mm&r=g\",\"caption\":\"Dollerner SC\"},\"url\":\"https:\/\/dollernersc.de\/?author=1\"}]}<\/script>\n<!-- \/ Yoast SEO plugin. -->","yoast_head_json":{"title":"Stader Tageblatt: Buschteichlauf findet am 29. September statt - Dollerner Sport-Club e.V.","robots":{"index":"index","follow":"follow","max-snippet":"max-snippet:-1","max-image-preview":"max-image-preview:large","max-video-preview":"max-video-preview:-1"},"canonical":"https:\/\/dollernersc.de\/?p=4416","og_locale":"de_DE","og_type":"article","og_title":"Stader Tageblatt: Buschteichlauf findet am 29. September statt - Dollerner Sport-Club e.V.","og_description":"DOLLERN. Der Dollerner B\u00fcrgerverein veranstaltet in Kooperation mit dem Dollerner Sport-Club am Sonntag, 29. September, den traditionellen Buschteichlauf. Hauptsponsor ist das Unternehmen Mohr. Interessierte L\u00e4ufer k\u00f6nnen sich ab sofort anmelden....","og_url":"https:\/\/dollernersc.de\/?p=4416","og_site_name":"Dollerner Sport-Club e.V.","article_published_time":"2019-08-31T14:53:52+00:00","article_modified_time":"2020-05-25T12:13:50+00:00","og_image":[{"width":890,"height":352,"url":"https:\/\/dollernersc.de\/wp-content\/uploads\/2019\/08\/4002362_1_articletopsmall_5d5aaee648ff7-1.jpg","type":"image\/jpeg"}],"author":"Dollerner SC","twitter_card":"summary_large_image","twitter_misc":{"Verfasst von":"Dollerner SC","Gesch\u00e4tzte Lesezeit":"2\u00a0Minuten"},"schema":{"@context":"https:\/\/schema.org","@graph":[{"@type":"WebPage","@id":"https:\/\/dollernersc.de\/?p=4416","url":"https:\/\/dollernersc.de\/?p=4416","name":"Stader Tageblatt: Buschteichlauf findet am 29. September statt - Dollerner Sport-Club e.V.","isPartOf":{"@id":"https:\/\/dollernersc.de\/#website"},"primaryImageOfPage":{"@id":"https:\/\/dollernersc.de\/?p=4416#primaryimage"},"image":{"@id":"https:\/\/dollernersc.de\/?p=4416#primaryimage"},"thumbnailUrl":"https:\/\/dollernersc.de\/wp-content\/uploads\/2019\/08\/4002362_1_articletopsmall_5d5aaee648ff7-1.jpg","datePublished":"2019-08-31T14:53:52+00:00","dateModified":"2020-05-25T12:13:50+00:00","author":{"@id":"https:\/\/dollernersc.de\/#\/schema\/person\/7536dc7365c03c404c28b6d007ae097e"},"breadcrumb":{"@id":"https:\/\/dollernersc.de\/?p=4416#breadcrumb"},"inLanguage":"de","potentialAction":[{"@type":"ReadAction","target":["https:\/\/dollernersc.de\/?p=4416"]}]},{"@type":"ImageObject","inLanguage":"de","@id":"https:\/\/dollernersc.de\/?p=4416#primaryimage","url":"https:\/\/dollernersc.de\/wp-content\/uploads\/2019\/08\/4002362_1_articletopsmall_5d5aaee648ff7-1.jpg","contentUrl":"https:\/\/dollernersc.de\/wp-content\/uploads\/2019\/08\/4002362_1_articletopsmall_5d5aaee648ff7-1.jpg","width":890,"height":352},{"@type":"BreadcrumbList","@id":"https:\/\/dollernersc.de\/?p=4416#breadcrumb","itemListElement":[{"@type":"ListItem","position":1,"name":"Startseite","item":"https:\/\/dollernersc.de\/"},{"@type":"ListItem","position":2,"name":"Stader Tageblatt: Buschteichlauf findet am 29. September statt"}]},{"@type":"WebSite","@id":"https:\/\/dollernersc.de\/#website","url":"https:\/\/dollernersc.de\/","name":"Dollerner Sport-Club e.V.","description":"","potentialAction":[{"@type":"SearchAction","target":{"@type":"EntryPoint","urlTemplate":"https:\/\/dollernersc.de\/?s={search_term_string}"},"query-input":"required name=search_term_string"}],"inLanguage":"de"},{"@type":"Person","@id":"https:\/\/dollernersc.de\/#\/schema\/person\/7536dc7365c03c404c28b6d007ae097e","name":"Dollerner SC","image":{"@type":"ImageObject","inLanguage":"de","@id":"https:\/\/dollernersc.de\/#\/schema\/person\/image\/","url":"https:\/\/secure.gravatar.com\/avatar\/cc3b6265e4a748b324092868a60258b9?s=96&d=mm&r=g","contentUrl":"https:\/\/secure.gravatar.com\/avatar\/cc3b6265e4a748b324092868a60258b9?s=96&d=mm&r=g","caption":"Dollerner SC"},"url":"https:\/\/dollernersc.de\/?author=1"}]}},"_links":{"self":[{"href":"https:\/\/dollernersc.de\/index.php?rest_route=\/wp\/v2\/posts\/4416"}],"collection":[{"href":"https:\/\/dollernersc.de\/index.php?rest_route=\/wp\/v2\/posts"}],"about":[{"href":"https:\/\/dollernersc.de\/index.php?rest_route=\/wp\/v2\/types\/post"}],"author":[{"embeddable":true,"href":"https:\/\/dollernersc.de\/index.php?rest_route=\/wp\/v2\/users\/1"}],"replies":[{"embeddable":true,"href":"https:\/\/dollernersc.de\/index.php?rest_route=%2Fwp%2Fv2%2Fcomments&post=4416"}],"version-history":[{"count":3,"href":"https:\/\/dollernersc.de\/index.php?rest_route=\/wp\/v2\/posts\/4416\/revisions"}],"predecessor-version":[{"id":5051,"href":"https:\/\/dollernersc.de\/index.php?rest_route=\/wp\/v2\/posts\/4416\/revisions\/5051"}],"wp:featuredmedia":[{"embeddable":true,"href":"https:\/\/dollernersc.de\/index.php?rest_route=\/wp\/v2\/media\/5049"}],"wp:attachment":[{"href":"https:\/\/dollernersc.de\/index.php?rest_route=%2Fwp%2Fv2%2Fmedia&parent=4416"}],"wp:term":[{"taxonomy":"category","embeddable":true,"href":"https:\/\/dollernersc.de\/index.php?rest_route=%2Fwp%2Fv2%2Fcategories&post=4416"},{"taxonomy":"post_tag","embeddable":true,"href":"https:\/\/dollernersc.de\/index.php?rest_route=%2Fwp%2Fv2%2Ftags&post=4416"}],"curies":[{"name":"wp","href":"https:\/\/api.w.org\/{rel}","templated":true}]}}