{"id":4376,"date":"2019-08-23T19:25:30","date_gmt":"2019-08-23T18:25:30","guid":{"rendered":"http:\/\/ferienwohnungen-dollern.de\/?p=4376"},"modified":"2020-05-25T12:16:25","modified_gmt":"2020-05-25T12:16:25","slug":"sportfest-2019-ein-gelungener-nachmittag-im-zeichen-der-gemeinschaft-und-des-sports","status":"publish","type":"post","link":"https:\/\/dollernersc.de\/?p=4376","title":{"rendered":"Sportfest 2019: Ein gelungener Nachmittag im Zeichen der Gemeinschaft und des Sports"},"content":{"rendered":"<p><strong>Sportfest 2019: Ein gelungener Nachmittag im Zeichen der Gemeinschaft und des Sports<\/strong><\/p>\n<p>Am Mittwoch Nachmittag, den 21.08.2019, fand das Sportfest vom Dollerner SC auf dem Sportplatz statt. Das Hoffen auf sch\u00f6nes Wetter war im Vorwege bei den Organisatoren des Sportfestes gro\u00df, denn im vergangenen Jahr musste das j\u00e4hrliche Event noch aufgrund von starken Regenf\u00e4llen abgesagt werden. Doch in diesem Jahr kam es wie erhofft anders und p\u00fcnktlich um 16 Uhr konnte der Dollerner SC bei sonnigen 20 Grad viele sportbegeisterte Familien aus der Gemeinde und Umgebung begr\u00fc\u00dfen. Der Nachmittag stand dieses mal wieder erneut im Zeichen der Gemeinschaft und des Sports f\u00fcr die vielen sportbegeisterten Besucher.<\/p>\n<p><img loading=\"lazy\" decoding=\"async\" class=\" wp-image-5053 aligncenter\" src=\"https:\/\/dollernersc.de\/wp-content\/uploads\/2019\/08\/K1600_P1090328-300x169.jpg\" alt=\"\" width=\"431\" height=\"243\" srcset=\"https:\/\/dollernersc.de\/wp-content\/uploads\/2019\/08\/K1600_P1090328-300x169.jpg 300w, https:\/\/dollernersc.de\/wp-content\/uploads\/2019\/08\/K1600_P1090328-1024x576.jpg 1024w, https:\/\/dollernersc.de\/wp-content\/uploads\/2019\/08\/K1600_P1090328-768x432.jpg 768w, https:\/\/dollernersc.de\/wp-content\/uploads\/2019\/08\/K1600_P1090328-1536x864.jpg 1536w, https:\/\/dollernersc.de\/wp-content\/uploads\/2019\/08\/K1600_P1090328.jpg 1920w\" sizes=\"(max-width: 431px) 100vw, 431px\" \/><\/p>\n<p>F\u00fcr die vielen Kinder wurde traditionell ein Sportparcours aufgebaut an dem sich an den verschiedenen Stationen in Sachen Geschicklichkeit, Vielfalt und Ballgef\u00fchl ausprobiert werden konnte. Neben Korb-Werfen, Torwand-Schie\u00dfen und einer Rebound-Wand gab es f\u00fcr die Kinder und Jugendliche (sowie manchen Erwachsenen) die Gelegenheit seine Wurfgeschwindigkeit zu messen. Ebenfalls dieses Jahr mit dabei war eine XXL-Dartscheibe. Gekonnt wurde den Tag \u00fcber mit jeweils 6 Pfeilen auf der gro\u00df dimensionierten Scheibe viele gezielte Treffer gelandet. Des Weiteren scheute der Verein keine M\u00fchen und erm\u00f6glichte neben einer gro\u00dfen H\u00fcpfburg dieses Jahr ein ganz besonderes Highlight: Eine Kletterwand. Waren die Stationen absolviert, bildeten sich schnell lange Schlangen an der Attraktion, wo nun die Geschicklichkeit beim Klettern in die H\u00f6he bewiesen werden konnte.<\/p>\n<p>Im weiteren Fokus stand an dem Nachmittag aber auch das Deutsche Sportabzeichen. Ausgestattet mit den offiziellen Anforderungen ging es sportlich weiter auf dem Sportplatz im Tannenweg: Weitsprung, Kugelsto\u00dfen, Weitwurf, Sprint und 800m Lauf. Egal ob Jung oder Alt eine tolle sportliche Leistung nach dem anderen konnte beobachtet und gefeiert werden. Besonders in dem 800 m Lauf wurde beeindruckend unter lauter Anforderung der Eltern gezeigt, wie viel Power schon in den noch jungen Beinen der Nachwuchs-Sportler steckt. Wom\u00f6glich wurde ihr schon die ein oder andere Grundlage f\u00fcr den am 29. September stattfindenden Buschteichlauf gelegt.<\/p>\n<p>\u201eKnapp 65 Personen haben heute bei uns allein das Sportabzeichen abgelegt\u201c, gibt sich Event-Managerin Britta Hartlef vom DSC stellvertretend f\u00fcr den Vorstand mit der tollen Veranstaltung zufrieden und hofft gemeinsam mit den vielen Helfern, den ein gro\u00dfes Dankesch\u00f6n f\u00fcr ihre tatkr\u00e4ftige Unterst\u00fctzung an dem Tag auszusprechen gilt, in 2020 auf eine ebenfalls gro\u00dfartige Veranstaltung f\u00fcr Jung und Alt in Dollern.<\/p>\n","protected":false},"excerpt":{"rendered":"<p>Sportfest 2019: Ein gelungener Nachmittag im Zeichen der Gemeinschaft und des Sports Am Mittwoch Nachmittag, den 21.08.2019, fand das Sportfest vom Dollerner SC auf dem Sportplatz statt. Das Hoffen auf&#8230;<\/p>\n","protected":false},"author":1,"featured_media":5053,"comment_status":"closed","ping_status":"closed","sticky":false,"template":"","format":"standard","meta":{"footnotes":""},"categories":[46],"tags":[],"yoast_head":"<!-- This site is optimized with the Yoast SEO plugin v22.9 - https:\/\/yoast.com\/wordpress\/plugins\/seo\/ -->\n<title>Sportfest 2019: Ein gelungener Nachmittag im Zeichen der Gemeinschaft und des Sports - Dollerner Sport-Club e.V.<\/title>\n<meta name=\"robots\" content=\"index, follow, max-snippet:-1, max-image-preview:large, max-video-preview:-1\" \/>\n<link rel=\"canonical\" href=\"https:\/\/dollernersc.de\/?p=4376\" \/>\n<meta property=\"og:locale\" content=\"de_DE\" \/>\n<meta property=\"og:type\" content=\"article\" \/>\n<meta property=\"og:title\" content=\"Sportfest 2019: Ein gelungener Nachmittag im Zeichen der Gemeinschaft und des Sports - Dollerner Sport-Club e.V.\" \/>\n<meta property=\"og:description\" content=\"Sportfest 2019: Ein gelungener Nachmittag im Zeichen der Gemeinschaft und des Sports Am Mittwoch Nachmittag, den 21.08.2019, fand das Sportfest vom Dollerner SC auf dem Sportplatz statt. Das Hoffen auf...\" \/>\n<meta property=\"og:url\" content=\"https:\/\/dollernersc.de\/?p=4376\" \/>\n<meta property=\"og:site_name\" content=\"Dollerner Sport-Club e.V.\" \/>\n<meta property=\"article:published_time\" content=\"2019-08-23T18:25:30+00:00\" \/>\n<meta property=\"article:modified_time\" content=\"2020-05-25T12:16:25+00:00\" \/>\n<meta property=\"og:image\" content=\"https:\/\/dollernersc.de\/wp-content\/uploads\/2019\/08\/K1600_P1090328.jpg\" \/>\n\t<meta property=\"og:image:width\" content=\"1920\" \/>\n\t<meta property=\"og:image:height\" content=\"1080\" \/>\n\t<meta property=\"og:image:type\" content=\"image\/jpeg\" \/>\n<meta name=\"author\" content=\"Dollerner SC\" \/>\n<meta name=\"twitter:card\" content=\"summary_large_image\" \/>\n<meta name=\"twitter:label1\" content=\"Verfasst von\" \/>\n\t<meta name=\"twitter:data1\" content=\"Dollerner SC\" \/>\n\t<meta name=\"twitter:label2\" content=\"Gesch\u00e4tzte Lesezeit\" \/>\n\t<meta name=\"twitter:data2\" content=\"2\u00a0Minuten\" \/>\n<script type=\"application\/ld+json\" class=\"yoast-schema-graph\">{\"@context\":\"https:\/\/schema.org\",\"@graph\":[{\"@type\":\"WebPage\",\"@id\":\"https:\/\/dollernersc.de\/?p=4376\",\"url\":\"https:\/\/dollernersc.de\/?p=4376\",\"name\":\"Sportfest 2019: Ein gelungener Nachmittag im Zeichen der Gemeinschaft und des Sports - Dollerner Sport-Club e.V.\",\"isPartOf\":{\"@id\":\"https:\/\/dollernersc.de\/#website\"},\"primaryImageOfPage\":{\"@id\":\"https:\/\/dollernersc.de\/?p=4376#primaryimage\"},\"image\":{\"@id\":\"https:\/\/dollernersc.de\/?p=4376#primaryimage\"},\"thumbnailUrl\":\"https:\/\/dollernersc.de\/wp-content\/uploads\/2019\/08\/K1600_P1090328.jpg\",\"datePublished\":\"2019-08-23T18:25:30+00:00\",\"dateModified\":\"2020-05-25T12:16:25+00:00\",\"author\":{\"@id\":\"https:\/\/dollernersc.de\/#\/schema\/person\/7536dc7365c03c404c28b6d007ae097e\"},\"breadcrumb\":{\"@id\":\"https:\/\/dollernersc.de\/?p=4376#breadcrumb\"},\"inLanguage\":\"de\",\"potentialAction\":[{\"@type\":\"ReadAction\",\"target\":[\"https:\/\/dollernersc.de\/?p=4376\"]}]},{\"@type\":\"ImageObject\",\"inLanguage\":\"de\",\"@id\":\"https:\/\/dollernersc.de\/?p=4376#primaryimage\",\"url\":\"https:\/\/dollernersc.de\/wp-content\/uploads\/2019\/08\/K1600_P1090328.jpg\",\"contentUrl\":\"https:\/\/dollernersc.de\/wp-content\/uploads\/2019\/08\/K1600_P1090328.jpg\",\"width\":1920,\"height\":1080},{\"@type\":\"BreadcrumbList\",\"@id\":\"https:\/\/dollernersc.de\/?p=4376#breadcrumb\",\"itemListElement\":[{\"@type\":\"ListItem\",\"position\":1,\"name\":\"Startseite\",\"item\":\"https:\/\/dollernersc.de\/\"},{\"@type\":\"ListItem\",\"position\":2,\"name\":\"Sportfest 2019: Ein gelungener Nachmittag im Zeichen der Gemeinschaft und des Sports\"}]},{\"@type\":\"WebSite\",\"@id\":\"https:\/\/dollernersc.de\/#website\",\"url\":\"https:\/\/dollernersc.de\/\",\"name\":\"Dollerner Sport-Club e.V.\",\"description\":\"\",\"potentialAction\":[{\"@type\":\"SearchAction\",\"target\":{\"@type\":\"EntryPoint\",\"urlTemplate\":\"https:\/\/dollernersc.de\/?s={search_term_string}\"},\"query-input\":\"required name=search_term_string\"}],\"inLanguage\":\"de\"},{\"@type\":\"Person\",\"@id\":\"https:\/\/dollernersc.de\/#\/schema\/person\/7536dc7365c03c404c28b6d007ae097e\",\"name\":\"Dollerner SC\",\"image\":{\"@type\":\"ImageObject\",\"inLanguage\":\"de\",\"@id\":\"https:\/\/dollernersc.de\/#\/schema\/person\/image\/\",\"url\":\"https:\/\/secure.gravatar.com\/avatar\/cc3b6265e4a748b324092868a60258b9?s=96&d=mm&r=g\",\"contentUrl\":\"https:\/\/secure.gravatar.com\/avatar\/cc3b6265e4a748b324092868a60258b9?s=96&d=mm&r=g\",\"caption\":\"Dollerner SC\"},\"url\":\"https:\/\/dollernersc.de\/?author=1\"}]}<\/script>\n<!-- \/ Yoast SEO plugin. -->","yoast_head_json":{"title":"Sportfest 2019: Ein gelungener Nachmittag im Zeichen der Gemeinschaft und des Sports - Dollerner Sport-Club e.V.","robots":{"index":"index","follow":"follow","max-snippet":"max-snippet:-1","max-image-preview":"max-image-preview:large","max-video-preview":"max-video-preview:-1"},"canonical":"https:\/\/dollernersc.de\/?p=4376","og_locale":"de_DE","og_type":"article","og_title":"Sportfest 2019: Ein gelungener Nachmittag im Zeichen der Gemeinschaft und des Sports - Dollerner Sport-Club e.V.","og_description":"Sportfest 2019: Ein gelungener Nachmittag im Zeichen der Gemeinschaft und des Sports Am Mittwoch Nachmittag, den 21.08.2019, fand das Sportfest vom Dollerner SC auf dem Sportplatz statt. Das Hoffen auf...","og_url":"https:\/\/dollernersc.de\/?p=4376","og_site_name":"Dollerner Sport-Club e.V.","article_published_time":"2019-08-23T18:25:30+00:00","article_modified_time":"2020-05-25T12:16:25+00:00","og_image":[{"width":1920,"height":1080,"url":"https:\/\/dollernersc.de\/wp-content\/uploads\/2019\/08\/K1600_P1090328.jpg","type":"image\/jpeg"}],"author":"Dollerner SC","twitter_card":"summary_large_image","twitter_misc":{"Verfasst von":"Dollerner SC","Gesch\u00e4tzte Lesezeit":"2\u00a0Minuten"},"schema":{"@context":"https:\/\/schema.org","@graph":[{"@type":"WebPage","@id":"https:\/\/dollernersc.de\/?p=4376","url":"https:\/\/dollernersc.de\/?p=4376","name":"Sportfest 2019: Ein gelungener Nachmittag im Zeichen der Gemeinschaft und des Sports - Dollerner Sport-Club e.V.","isPartOf":{"@id":"https:\/\/dollernersc.de\/#website"},"primaryImageOfPage":{"@id":"https:\/\/dollernersc.de\/?p=4376#primaryimage"},"image":{"@id":"https:\/\/dollernersc.de\/?p=4376#primaryimage"},"thumbnailUrl":"https:\/\/dollernersc.de\/wp-content\/uploads\/2019\/08\/K1600_P1090328.jpg","datePublished":"2019-08-23T18:25:30+00:00","dateModified":"2020-05-25T12:16:25+00:00","author":{"@id":"https:\/\/dollernersc.de\/#\/schema\/person\/7536dc7365c03c404c28b6d007ae097e"},"breadcrumb":{"@id":"https:\/\/dollernersc.de\/?p=4376#breadcrumb"},"inLanguage":"de","potentialAction":[{"@type":"ReadAction","target":["https:\/\/dollernersc.de\/?p=4376"]}]},{"@type":"ImageObject","inLanguage":"de","@id":"https:\/\/dollernersc.de\/?p=4376#primaryimage","url":"https:\/\/dollernersc.de\/wp-content\/uploads\/2019\/08\/K1600_P1090328.jpg","contentUrl":"https:\/\/dollernersc.de\/wp-content\/uploads\/2019\/08\/K1600_P1090328.jpg","width":1920,"height":1080},{"@type":"BreadcrumbList","@id":"https:\/\/dollernersc.de\/?p=4376#breadcrumb","itemListElement":[{"@type":"ListItem","position":1,"name":"Startseite","item":"https:\/\/dollernersc.de\/"},{"@type":"ListItem","position":2,"name":"Sportfest 2019: Ein gelungener Nachmittag im Zeichen der Gemeinschaft und des Sports"}]},{"@type":"WebSite","@id":"https:\/\/dollernersc.de\/#website","url":"https:\/\/dollernersc.de\/","name":"Dollerner Sport-Club e.V.","description":"","potentialAction":[{"@type":"SearchAction","target":{"@type":"EntryPoint","urlTemplate":"https:\/\/dollernersc.de\/?s={search_term_string}"},"query-input":"required name=search_term_string"}],"inLanguage":"de"},{"@type":"Person","@id":"https:\/\/dollernersc.de\/#\/schema\/person\/7536dc7365c03c404c28b6d007ae097e","name":"Dollerner SC","image":{"@type":"ImageObject","inLanguage":"de","@id":"https:\/\/dollernersc.de\/#\/schema\/person\/image\/","url":"https:\/\/secure.gravatar.com\/avatar\/cc3b6265e4a748b324092868a60258b9?s=96&d=mm&r=g","contentUrl":"https:\/\/secure.gravatar.com\/avatar\/cc3b6265e4a748b324092868a60258b9?s=96&d=mm&r=g","caption":"Dollerner SC"},"url":"https:\/\/dollernersc.de\/?author=1"}]}},"_links":{"self":[{"href":"https:\/\/dollernersc.de\/index.php?rest_route=\/wp\/v2\/posts\/4376"}],"collection":[{"href":"https:\/\/dollernersc.de\/index.php?rest_route=\/wp\/v2\/posts"}],"about":[{"href":"https:\/\/dollernersc.de\/index.php?rest_route=\/wp\/v2\/types\/post"}],"author":[{"embeddable":true,"href":"https:\/\/dollernersc.de\/index.php?rest_route=\/wp\/v2\/users\/1"}],"replies":[{"embeddable":true,"href":"https:\/\/dollernersc.de\/index.php?rest_route=%2Fwp%2Fv2%2Fcomments&post=4376"}],"version-history":[{"count":2,"href":"https:\/\/dollernersc.de\/index.php?rest_route=\/wp\/v2\/posts\/4376\/revisions"}],"predecessor-version":[{"id":5054,"href":"https:\/\/dollernersc.de\/index.php?rest_route=\/wp\/v2\/posts\/4376\/revisions\/5054"}],"wp:featuredmedia":[{"embeddable":true,"href":"https:\/\/dollernersc.de\/index.php?rest_route=\/wp\/v2\/media\/5053"}],"wp:attachment":[{"href":"https:\/\/dollernersc.de\/index.php?rest_route=%2Fwp%2Fv2%2Fmedia&parent=4376"}],"wp:term":[{"taxonomy":"category","embeddable":true,"href":"https:\/\/dollernersc.de\/index.php?rest_route=%2Fwp%2Fv2%2Fcategories&post=4376"},{"taxonomy":"post_tag","embeddable":true,"href":"https:\/\/dollernersc.de\/index.php?rest_route=%2Fwp%2Fv2%2Ftags&post=4376"}],"curies":[{"name":"wp","href":"https:\/\/api.w.org\/{rel}","templated":true}]}}