{"id":4277,"date":"2019-03-28T14:12:24","date_gmt":"2019-03-28T13:12:24","guid":{"rendered":"http:\/\/ferienwohnungen-dollern.de\/?p=4277"},"modified":"2020-05-25T12:23:12","modified_gmt":"2020-05-25T12:23:12","slug":"verein-wird-bald-der-platz-in-der-halle-knapp-dollerner-sc-kommt-langsam-in-bedraengnis","status":"publish","type":"post","link":"https:\/\/dollernersc.de\/?p=4277","title":{"rendered":"Wochenblatt Wird bald der Platz in der Halle knapp? Dollerner SC kommt langsam in Bedr\u00e4ngnis"},"content":{"rendered":"<p><strong>Wochenblatt: Wird bald der Platz in der Halle knapp? Gro\u00dfer Mitgliederzuwachs: Dollerner SC kommt langsam in Bedr\u00e4ngnis<\/strong><\/p>\n<p><img loading=\"lazy\" decoding=\"async\" class=\" wp-image-5065 aligncenter\" src=\"https:\/\/dollernersc.de\/wp-content\/uploads\/2019\/03\/DSC01741-768x304-1-300x119.jpg\" alt=\"\" width=\"469\" height=\"186\" srcset=\"https:\/\/dollernersc.de\/wp-content\/uploads\/2019\/03\/DSC01741-768x304-1-300x119.jpg 300w, https:\/\/dollernersc.de\/wp-content\/uploads\/2019\/03\/DSC01741-768x304-1.jpg 768w\" sizes=\"(max-width: 469px) 100vw, 469px\" \/><\/p>\n<p>Nicht nur die Gemeinde Dollern kann sich \u00fcber stetigen Zuwachs freuen. Auch der Dollerner Sc kann einen Anstieg an Mitgliedszahlen verzeichnen &#8211; vor allem im Jugendbereich. Das vermeldete der Vorstand bei seiner vor Kurzem stattgefundenen Jahreshauptversammlung.<\/p>\n<p>Die gro\u00dfen Bem\u00fchungen in der Jugendarbeit, die seit 2016 intensiviert wurde, zahlen sich aus. Laut dem ersten Vorsitzenden Sascha Stange ergibt sich dabei aber ein Problem, das sich \u00fcber die Jahre noch verschlimmern k\u00f6nnte: In der Dollerner Sporthalle wird es immer enger. Besser gesagt, der Belegungsplan ist immer schwerer zu koordinieren.<\/p>\n<p>Die Organisatoren versuchen bereits die Trainingseinhieten auf eine Stunde zu k\u00fcrzen und dort, wo es m\u00f6glich ist, Trainingsstunden \u00fcberlappen zu lassen. &#8222;Wenn es so weitergeht, k\u00f6nnen wir eventuell in einigen Jahren keine neuen Mitglieder mehr annehmen.&#8220;, meint Sascha Stange. Das sei nicht der Sinn eines gemein\u00fctzigen Vereins, sagt er. Der Verein habe schon \u00fcber eine Trennwand nachgedacht, um das Spielfeld aufteilen zu k\u00f6nnen und gleichzeitig den L\u00e4rmpegel sowie die gegenseitige Ablenkung der Gruppen in der Halle f\u00fcr ein vern\u00fcnftiges Training zu minimieren. Unter den jetzigen Umst\u00e4nden sei die richtige F\u00f6rderung, besonders in den Gruppen der ganz jungen Sportler, kaum m\u00f6glich. &#8222;Wir haben auch eine soziale Verantwortung. Um dieser gerecht zu werden, m\u00fcssen die Rahmenbedingungen passen&#8220;, sagt Christoph Wichern, Jugendwart des Dollerner SC.<\/p>\n<div id=\"attachment_4290\" style=\"width: 317px\" class=\"wp-caption alignnone\"><a href=\"https:\/\/dollernersc.de\/wp-content\/uploads\/2019\/03\/wochenblatt.jpg\"><img loading=\"lazy\" decoding=\"async\" aria-describedby=\"caption-attachment-4290\" class=\"wp-image-4290\" src=\"https:\/\/dollernersc.de\/wp-content\/uploads\/2019\/03\/wochenblatt-300x223.jpg\" alt=\"\" width=\"307\" height=\"228\" \/><\/a><p id=\"caption-attachment-4290\" class=\"wp-caption-text\">Christoph Wichern (li.) und Sascha Stange w\u00fcnschen sich eine baldige L\u00f6sung f\u00fcr das Platzproblem in der Dollerner Sporthalle<\/p><\/div>\n<p>Bei der Jahreshauptversammlung war auch der Dollerner B\u00fcrgermeister, Wilfried Ehlers, zugegen. Er habe dort von der Problematik geh\u00f6rt. &#8222;Ich werde das Thema in der n\u00e4chsten Gemeindesitzung ansprechen&#8220;, so Ehlers. Zurzeit gebe es aber keine M\u00f6glichkeit, das Problem zu l\u00f6sen. Mit dem geplanten Bau eines B\u00fcrgerhauses k\u00f6nnte es eine Erleichterung bei der Hallenbelegung geben, da hier beispielsweise Gymnastikgruppen untergebracht werden k\u00f6nnen,\u00a0 sagt der B\u00fcrgermeister. Somit erg\u00e4ben sich mehr freie Einheiten in der Sporthalle.<\/p>\n<p>Die \u00dcberlegung eine Trennwand in der Halle zu installieren m\u00fcsse gepr\u00fcft werden &#8211; besonders in finanzieller Hinsicht. So eine Ma\u00dfnahme k\u00f6nne dar\u00fcberhinaus erst f\u00fcr den Haushalt 2020 eingeplant werden. &#8222;Wir sind immer bereit, zu helfen und zu unterst\u00fctzen&#8220;, sagt Ehlers. &#8222;Man muss aber sehen, was machbar ist.&#8220;<\/p>\n<p>Kreiszeitung Wochenblatt, 27.03.2019, Jaana Bollmann<\/p>\n","protected":false},"excerpt":{"rendered":"<p>Wochenblatt: Wird bald der Platz in der Halle knapp? Gro\u00dfer Mitgliederzuwachs: Dollerner SC kommt langsam in Bedr\u00e4ngnis Nicht nur die Gemeinde Dollern kann sich \u00fcber stetigen Zuwachs freuen. Auch der&#8230;<\/p>\n","protected":false},"author":1,"featured_media":5063,"comment_status":"closed","ping_status":"closed","sticky":false,"template":"","format":"standard","meta":{"footnotes":""},"categories":[46],"tags":[],"yoast_head":"<!-- This site is optimized with the Yoast SEO plugin v22.9 - https:\/\/yoast.com\/wordpress\/plugins\/seo\/ -->\n<title>Wochenblatt Wird bald der Platz in der Halle knapp? Dollerner SC kommt langsam in Bedr\u00e4ngnis - Dollerner Sport-Club e.V.<\/title>\n<meta name=\"robots\" content=\"index, follow, max-snippet:-1, max-image-preview:large, max-video-preview:-1\" \/>\n<link rel=\"canonical\" href=\"https:\/\/dollernersc.de\/?p=4277\" \/>\n<meta property=\"og:locale\" content=\"de_DE\" \/>\n<meta property=\"og:type\" content=\"article\" \/>\n<meta property=\"og:title\" content=\"Wochenblatt Wird bald der Platz in der Halle knapp? Dollerner SC kommt langsam in Bedr\u00e4ngnis - Dollerner Sport-Club e.V.\" \/>\n<meta property=\"og:description\" content=\"Wochenblatt: Wird bald der Platz in der Halle knapp? Gro\u00dfer Mitgliederzuwachs: Dollerner SC kommt langsam in Bedr\u00e4ngnis Nicht nur die Gemeinde Dollern kann sich \u00fcber stetigen Zuwachs freuen. Auch der...\" \/>\n<meta property=\"og:url\" content=\"https:\/\/dollernersc.de\/?p=4277\" \/>\n<meta property=\"og:site_name\" content=\"Dollerner Sport-Club e.V.\" \/>\n<meta property=\"article:published_time\" content=\"2019-03-28T13:12:24+00:00\" \/>\n<meta property=\"article:modified_time\" content=\"2020-05-25T12:23:12+00:00\" \/>\n<meta property=\"og:image\" content=\"https:\/\/dollernersc.de\/wp-content\/uploads\/2019\/03\/wochenblatt.jpg\" \/>\n\t<meta property=\"og:image:width\" content=\"1199\" \/>\n\t<meta property=\"og:image:height\" content=\"893\" \/>\n\t<meta property=\"og:image:type\" content=\"image\/jpeg\" \/>\n<meta name=\"author\" content=\"Dollerner SC\" \/>\n<meta name=\"twitter:card\" content=\"summary_large_image\" \/>\n<meta name=\"twitter:label1\" content=\"Verfasst von\" \/>\n\t<meta name=\"twitter:data1\" content=\"Dollerner SC\" \/>\n\t<meta name=\"twitter:label2\" content=\"Gesch\u00e4tzte Lesezeit\" \/>\n\t<meta name=\"twitter:data2\" content=\"2\u00a0Minuten\" \/>\n<script type=\"application\/ld+json\" class=\"yoast-schema-graph\">{\"@context\":\"https:\/\/schema.org\",\"@graph\":[{\"@type\":\"WebPage\",\"@id\":\"https:\/\/dollernersc.de\/?p=4277\",\"url\":\"https:\/\/dollernersc.de\/?p=4277\",\"name\":\"Wochenblatt Wird bald der Platz in der Halle knapp? Dollerner SC kommt langsam in Bedr\u00e4ngnis - Dollerner Sport-Club e.V.\",\"isPartOf\":{\"@id\":\"https:\/\/dollernersc.de\/#website\"},\"primaryImageOfPage\":{\"@id\":\"https:\/\/dollernersc.de\/?p=4277#primaryimage\"},\"image\":{\"@id\":\"https:\/\/dollernersc.de\/?p=4277#primaryimage\"},\"thumbnailUrl\":\"https:\/\/dollernersc.de\/wp-content\/uploads\/2019\/03\/wochenblatt.jpg\",\"datePublished\":\"2019-03-28T13:12:24+00:00\",\"dateModified\":\"2020-05-25T12:23:12+00:00\",\"author\":{\"@id\":\"https:\/\/dollernersc.de\/#\/schema\/person\/7536dc7365c03c404c28b6d007ae097e\"},\"breadcrumb\":{\"@id\":\"https:\/\/dollernersc.de\/?p=4277#breadcrumb\"},\"inLanguage\":\"de\",\"potentialAction\":[{\"@type\":\"ReadAction\",\"target\":[\"https:\/\/dollernersc.de\/?p=4277\"]}]},{\"@type\":\"ImageObject\",\"inLanguage\":\"de\",\"@id\":\"https:\/\/dollernersc.de\/?p=4277#primaryimage\",\"url\":\"https:\/\/dollernersc.de\/wp-content\/uploads\/2019\/03\/wochenblatt.jpg\",\"contentUrl\":\"https:\/\/dollernersc.de\/wp-content\/uploads\/2019\/03\/wochenblatt.jpg\",\"width\":1199,\"height\":893},{\"@type\":\"BreadcrumbList\",\"@id\":\"https:\/\/dollernersc.de\/?p=4277#breadcrumb\",\"itemListElement\":[{\"@type\":\"ListItem\",\"position\":1,\"name\":\"Startseite\",\"item\":\"https:\/\/dollernersc.de\/\"},{\"@type\":\"ListItem\",\"position\":2,\"name\":\"Wochenblatt Wird bald der Platz in der Halle knapp? Dollerner SC kommt langsam in Bedr\u00e4ngnis\"}]},{\"@type\":\"WebSite\",\"@id\":\"https:\/\/dollernersc.de\/#website\",\"url\":\"https:\/\/dollernersc.de\/\",\"name\":\"Dollerner Sport-Club e.V.\",\"description\":\"\",\"potentialAction\":[{\"@type\":\"SearchAction\",\"target\":{\"@type\":\"EntryPoint\",\"urlTemplate\":\"https:\/\/dollernersc.de\/?s={search_term_string}\"},\"query-input\":\"required name=search_term_string\"}],\"inLanguage\":\"de\"},{\"@type\":\"Person\",\"@id\":\"https:\/\/dollernersc.de\/#\/schema\/person\/7536dc7365c03c404c28b6d007ae097e\",\"name\":\"Dollerner SC\",\"image\":{\"@type\":\"ImageObject\",\"inLanguage\":\"de\",\"@id\":\"https:\/\/dollernersc.de\/#\/schema\/person\/image\/\",\"url\":\"https:\/\/secure.gravatar.com\/avatar\/cc3b6265e4a748b324092868a60258b9?s=96&d=mm&r=g\",\"contentUrl\":\"https:\/\/secure.gravatar.com\/avatar\/cc3b6265e4a748b324092868a60258b9?s=96&d=mm&r=g\",\"caption\":\"Dollerner SC\"},\"url\":\"https:\/\/dollernersc.de\/?author=1\"}]}<\/script>\n<!-- \/ Yoast SEO plugin. -->","yoast_head_json":{"title":"Wochenblatt Wird bald der Platz in der Halle knapp? Dollerner SC kommt langsam in Bedr\u00e4ngnis - Dollerner Sport-Club e.V.","robots":{"index":"index","follow":"follow","max-snippet":"max-snippet:-1","max-image-preview":"max-image-preview:large","max-video-preview":"max-video-preview:-1"},"canonical":"https:\/\/dollernersc.de\/?p=4277","og_locale":"de_DE","og_type":"article","og_title":"Wochenblatt Wird bald der Platz in der Halle knapp? Dollerner SC kommt langsam in Bedr\u00e4ngnis - Dollerner Sport-Club e.V.","og_description":"Wochenblatt: Wird bald der Platz in der Halle knapp? Gro\u00dfer Mitgliederzuwachs: Dollerner SC kommt langsam in Bedr\u00e4ngnis Nicht nur die Gemeinde Dollern kann sich \u00fcber stetigen Zuwachs freuen. Auch der...","og_url":"https:\/\/dollernersc.de\/?p=4277","og_site_name":"Dollerner Sport-Club e.V.","article_published_time":"2019-03-28T13:12:24+00:00","article_modified_time":"2020-05-25T12:23:12+00:00","og_image":[{"width":1199,"height":893,"url":"https:\/\/dollernersc.de\/wp-content\/uploads\/2019\/03\/wochenblatt.jpg","type":"image\/jpeg"}],"author":"Dollerner SC","twitter_card":"summary_large_image","twitter_misc":{"Verfasst von":"Dollerner SC","Gesch\u00e4tzte Lesezeit":"2\u00a0Minuten"},"schema":{"@context":"https:\/\/schema.org","@graph":[{"@type":"WebPage","@id":"https:\/\/dollernersc.de\/?p=4277","url":"https:\/\/dollernersc.de\/?p=4277","name":"Wochenblatt Wird bald der Platz in der Halle knapp? Dollerner SC kommt langsam in Bedr\u00e4ngnis - Dollerner Sport-Club e.V.","isPartOf":{"@id":"https:\/\/dollernersc.de\/#website"},"primaryImageOfPage":{"@id":"https:\/\/dollernersc.de\/?p=4277#primaryimage"},"image":{"@id":"https:\/\/dollernersc.de\/?p=4277#primaryimage"},"thumbnailUrl":"https:\/\/dollernersc.de\/wp-content\/uploads\/2019\/03\/wochenblatt.jpg","datePublished":"2019-03-28T13:12:24+00:00","dateModified":"2020-05-25T12:23:12+00:00","author":{"@id":"https:\/\/dollernersc.de\/#\/schema\/person\/7536dc7365c03c404c28b6d007ae097e"},"breadcrumb":{"@id":"https:\/\/dollernersc.de\/?p=4277#breadcrumb"},"inLanguage":"de","potentialAction":[{"@type":"ReadAction","target":["https:\/\/dollernersc.de\/?p=4277"]}]},{"@type":"ImageObject","inLanguage":"de","@id":"https:\/\/dollernersc.de\/?p=4277#primaryimage","url":"https:\/\/dollernersc.de\/wp-content\/uploads\/2019\/03\/wochenblatt.jpg","contentUrl":"https:\/\/dollernersc.de\/wp-content\/uploads\/2019\/03\/wochenblatt.jpg","width":1199,"height":893},{"@type":"BreadcrumbList","@id":"https:\/\/dollernersc.de\/?p=4277#breadcrumb","itemListElement":[{"@type":"ListItem","position":1,"name":"Startseite","item":"https:\/\/dollernersc.de\/"},{"@type":"ListItem","position":2,"name":"Wochenblatt Wird bald der Platz in der Halle knapp? Dollerner SC kommt langsam in Bedr\u00e4ngnis"}]},{"@type":"WebSite","@id":"https:\/\/dollernersc.de\/#website","url":"https:\/\/dollernersc.de\/","name":"Dollerner Sport-Club e.V.","description":"","potentialAction":[{"@type":"SearchAction","target":{"@type":"EntryPoint","urlTemplate":"https:\/\/dollernersc.de\/?s={search_term_string}"},"query-input":"required name=search_term_string"}],"inLanguage":"de"},{"@type":"Person","@id":"https:\/\/dollernersc.de\/#\/schema\/person\/7536dc7365c03c404c28b6d007ae097e","name":"Dollerner SC","image":{"@type":"ImageObject","inLanguage":"de","@id":"https:\/\/dollernersc.de\/#\/schema\/person\/image\/","url":"https:\/\/secure.gravatar.com\/avatar\/cc3b6265e4a748b324092868a60258b9?s=96&d=mm&r=g","contentUrl":"https:\/\/secure.gravatar.com\/avatar\/cc3b6265e4a748b324092868a60258b9?s=96&d=mm&r=g","caption":"Dollerner SC"},"url":"https:\/\/dollernersc.de\/?author=1"}]}},"_links":{"self":[{"href":"https:\/\/dollernersc.de\/index.php?rest_route=\/wp\/v2\/posts\/4277"}],"collection":[{"href":"https:\/\/dollernersc.de\/index.php?rest_route=\/wp\/v2\/posts"}],"about":[{"href":"https:\/\/dollernersc.de\/index.php?rest_route=\/wp\/v2\/types\/post"}],"author":[{"embeddable":true,"href":"https:\/\/dollernersc.de\/index.php?rest_route=\/wp\/v2\/users\/1"}],"replies":[{"embeddable":true,"href":"https:\/\/dollernersc.de\/index.php?rest_route=%2Fwp%2Fv2%2Fcomments&post=4277"}],"version-history":[{"count":2,"href":"https:\/\/dollernersc.de\/index.php?rest_route=\/wp\/v2\/posts\/4277\/revisions"}],"predecessor-version":[{"id":5066,"href":"https:\/\/dollernersc.de\/index.php?rest_route=\/wp\/v2\/posts\/4277\/revisions\/5066"}],"wp:featuredmedia":[{"embeddable":true,"href":"https:\/\/dollernersc.de\/index.php?rest_route=\/wp\/v2\/media\/5063"}],"wp:attachment":[{"href":"https:\/\/dollernersc.de\/index.php?rest_route=%2Fwp%2Fv2%2Fmedia&parent=4277"}],"wp:term":[{"taxonomy":"category","embeddable":true,"href":"https:\/\/dollernersc.de\/index.php?rest_route=%2Fwp%2Fv2%2Fcategories&post=4277"},{"taxonomy":"post_tag","embeddable":true,"href":"https:\/\/dollernersc.de\/index.php?rest_route=%2Fwp%2Fv2%2Ftags&post=4277"}],"curies":[{"name":"wp","href":"https:\/\/api.w.org\/{rel}","templated":true}]}}