{"id":4258,"date":"2019-03-02T11:14:51","date_gmt":"2019-03-02T10:14:51","guid":{"rendered":"http:\/\/ferienwohnungen-dollern.de\/?p=4258"},"modified":"2020-05-25T12:27:12","modified_gmt":"2020-05-25T12:27:12","slug":"jhv-beim-dollerner-sport-club-mit-viel-verantwortung-in-die-zukunft","status":"publish","type":"post","link":"https:\/\/dollernersc.de\/?p=4258","title":{"rendered":"JHV beim Dollerner Sport-Club: Mit viel Verantwortung in die Zukunft"},"content":{"rendered":"<p><strong>Mit viel Verantwortung in die Zukunft f\u00fcr Dollern<\/strong><\/p>\n<p>Am Freitag, den 1.3.2019 fand die j\u00e4hrliche Jahreshauptversammlung vom Dollerner Sport-Club in der Mehrzweckhalle statt. Auf der Tagesordnung standen die Jahresberichte der Abteilungsleiter, der Jahresbericht vom Vorstand, Gesch\u00e4ftsf\u00fchrer und der Kassenpr\u00fcfer auf der Tagesordnung. Anschlie\u00dfend wurden der 1. Vorsitzende Sascha Stange, Schrift- und Pressewartin Sandra Czychi und Jugendwart Christoph Wichern in ihren \u00c4mtern f\u00fcr die zwei n\u00e4chsten Jahre von der Mitgliedschaft wiedergew\u00e4hlt. Als Kassenpr\u00fcfer wurde Benjamin Nagel gew\u00e4hlt.<\/p>\n<p><a href=\"https:\/\/dollernersc.de\/wp-content\/uploads\/2019\/03\/K1600_P1080846.jpg\"><img loading=\"lazy\" decoding=\"async\" class=\" wp-image-4259 aligncenter\" src=\"https:\/\/dollernersc.de\/wp-content\/uploads\/2019\/03\/K1600_P1080846-300x169.jpg\" alt=\"\" width=\"419\" height=\"236\" \/><\/a><\/p>\n<p>Der 1. Vorsitzende Sascha Stange er\u00f6ffnete um 20 Uhr die Sitzung vom gr\u00f6\u00dften Dollerner Verein und begr\u00fc\u00dfte zun\u00e4chst den B\u00fcrgermeister Wilfried Ehlers, der die Mitglieder kurz \u00fcber die aktuellen Geschehnisse in der Gemeinde informierte. So wurde kurz das Thema \u201eB\u00fcrgerhaus\u201c aufgegriffen, bei dem der DSC ebenfalls mit im Findungsgremium sitzt und zusammen mit Sascha Stange wurde noch einmal die gelungene Aktion des Hallenvordachbaus hervorgehoben bei der die die Gemeinde den Verein finanziell unterst\u00fctzt hatte.<\/p>\n<p>Anschlie\u00dfend wurde das Wort an die Abteilungsleiter der Sparten Handball, Fu\u00dfball, Kinder-Turnen, Erwachsenen-Turnen und dem Jugendbereich weitergegeben. Der Abteilungsleiter Fu\u00dfball Wolfgang Westphal sowie Abteilungsleiter Handball Martin Schumacher berichteten, dass bei den Erwachsenen-Teams eine erfreuliche sportliche Entwicklung in den vergangenen Monaten mit viel Einsatz der Ehrenamtlichen stattgefunden hat. So belegt beispielsweise die 1.Herren der SG den ersten Platz in der 2. Kreisklasse und hofft im Sommer auf den Aufstieg. Neben einer wachsenden Gruppe bei der Fu\u00dfball-Ballgew\u00f6hnung wurde noch von der ASSG bei den Senioren berichtet und bei den Handballern die engagierte Leistung der Trainer im Damen- und Herrenbereich hervorgehoben. Im Bericht von Ellen Trucewitz wurde den Mitgliedern von den tollen Sportangeboten am Dienstag und Donnerstag das Aerobic und Power Gymnastik in der Mehrzweckhalle berichtet.<\/p>\n<p>Uta Frohb\u00f6se und Christoph Wichern konnten im Jugendbereich des Handballs und des Kinder-Turnens eine wichtige Gemeinsamkeit feststellen \u2013 die Sportgruppen wachsen enorm. Beide f\u00fchrten in ihren Berichten an, dass das Dorf seit einigen Jahren stark am wachsen ist und diese Entwicklung wird seit 3 Jahren auch in den \u00dcbungsgruppen in der Mehrzweckhalle festgestellt. So f\u00fchrte Jugendwart Wichern beispielsweise an, dass Ende 2015 noch knapp 20 Kindern bei 2 \u00dcbungsleitern Handball im DSC gespielt haben und heute in 2019 betreiben bei 12 \u00dcbungsleitern regelm\u00e4\u00dfig \u00fcber 80 Kinder- und Jugendliche die Sportart. Die gleiche Entwicklung kann auch im Eltern-Kind-Turnen festgestellt werden bei der regelm\u00e4\u00dfig zu Spitzenzeiten \u00fcber 60 Personen die Donnerstags-Stunden bei Uta besuchen. Die Jugendarbeit im Dollerner Sport-Club in dem mit seinen knapp 500 Mitgliedern fast \u00fcber die H\u00e4lfte Kinder- und Jugendliche sind, hat seine Jugendarbeit in den letzten Jahren stark intensiviert. Die gesellschaftliche Verantwortung wird \u00fcbernommen, wichtige Werte und Einstellungen f\u00fcr den Nachwuchs vermittelt und sich versucht durch Aktionstage mit dem Kindergarten, Sport-AG\u00b4s im Zuge des Ganztagsbetriebes mit dem Kooperationspartner Eichh\u00f6rnchen-Grundschule Dollern, dem j\u00e4hrlichen Sportfest im Sommer, bei dem das Sportabzeichen abgelegt werden kann, und erstmals im September mit den B\u00fcrgerVerein Dollern zusammen organisierten Dollerner Buschteichlauf sich sozial stark in der Gemeinde Dollern zu verankern. Jedoch wurde in den beiden Berichten auch eines klar: Wie lange kann diese Verantwortung in der Jugendarbeit in den n\u00e4chsten Jahren aufgrund von stark wachsenden Sportgruppen und geringeren Hallenzeiten noch wahrgenommen werden?<\/p>\n<p>Jugendwart, Abteilungerleiter Kinderturnen und 1. Vorsitzender Sascha Stange waren sich einig, dass diese Sportst\u00e4ttenthematik ein riesiges Problem f\u00fcr den Sportbetrieb im Dollerner Sport-Club e.V., insbesondere in der Jugendarbeit und der stark wachsenden Gemeinde Dollern wird. Was heute noch mit viel Herzblut, Flei\u00df und Begeisterung der vielen Ehrenamtlichen durch K\u00fcrzen der Trainingszeiten, \u00dcberlappen von Sportangeboten oder Trainingsbetrieb auf halber Halle bei enormer Lautst\u00e4rke zu kompensieren ist, wird in der Zukunft nur durch zus\u00e4tzliche Sportst\u00e4tten, eine Hallentrendwand oder andere L\u00f6sungen zusammen mit der Politik in Dollern und Horneburg m\u00f6glich sein. Ansonsten wird die sehr positive Entwicklung der vergangenen Jahre im Jugendbereich und im Verein in den n\u00e4chsten Jahren nicht mehr m\u00f6glich sein.<\/p>\n<p>Zum Ende der Sitzung machte der wiedergew\u00e4hlte 1. Vorsitzende Stange den Mitgliedern des Vereins nochmal einmal klar, dass der DSC in Zukunft nur zusammen mit allen Mitgliedern als Team, die ebenfalls mit wichtigen Aufgaben und \u00c4mter in den Abteilungen oder im Vorstand in Zukunft Verantwortung \u00fcbernehmen, weiterhin so stark aufgestellt sein kann. Interessierten engagierten Personen soll es erm\u00f6glicht werden mit Hilfestellungen egal ob als Helfer auf Vereinsveranstaltungen, \u00dcbungsleiter oder als Vorstandsmitglied im Verein mit aktiv zu werden und somit die Zukunft f\u00fcr die n\u00e4chste Generation zu gestalten und zu sichern.<\/p>\n<div id=\"attachment_5073\" style=\"width: 276px\" class=\"wp-caption aligncenter\"><img loading=\"lazy\" decoding=\"async\" aria-describedby=\"caption-attachment-5073\" class=\"size-medium wp-image-5073\" src=\"https:\/\/dollernersc.de\/wp-content\/uploads\/2019\/03\/K1600_sascha-266x300.jpg\" alt=\"\" width=\"266\" height=\"300\" srcset=\"https:\/\/dollernersc.de\/wp-content\/uploads\/2019\/03\/K1600_sascha-266x300.jpg 266w, https:\/\/dollernersc.de\/wp-content\/uploads\/2019\/03\/K1600_sascha-909x1024.jpg 909w, https:\/\/dollernersc.de\/wp-content\/uploads\/2019\/03\/K1600_sascha-768x865.jpg 768w, https:\/\/dollernersc.de\/wp-content\/uploads\/2019\/03\/K1600_sascha.jpg 1070w\" sizes=\"(max-width: 266px) 100vw, 266px\" \/><p id=\"caption-attachment-5073\" class=\"wp-caption-text\">Sascha Stange wurde von den Mitgliedern als 1. Vorsitzender wiedergew\u00e4hlt<\/p><\/div>\n<div id=\"attachment_5072\" style=\"width: 179px\" class=\"wp-caption aligncenter\"><img loading=\"lazy\" decoding=\"async\" aria-describedby=\"caption-attachment-5072\" class=\"size-medium wp-image-5072\" src=\"https:\/\/dollernersc.de\/wp-content\/uploads\/2019\/03\/K1600_P1080854-169x300.jpg\" alt=\"\" width=\"169\" height=\"300\" srcset=\"https:\/\/dollernersc.de\/wp-content\/uploads\/2019\/03\/K1600_P1080854-169x300.jpg 169w, https:\/\/dollernersc.de\/wp-content\/uploads\/2019\/03\/K1600_P1080854-576x1024.jpg 576w, https:\/\/dollernersc.de\/wp-content\/uploads\/2019\/03\/K1600_P1080854-768x1365.jpg 768w, https:\/\/dollernersc.de\/wp-content\/uploads\/2019\/03\/K1600_P1080854-864x1536.jpg 864w, https:\/\/dollernersc.de\/wp-content\/uploads\/2019\/03\/K1600_P1080854.jpg 1080w\" sizes=\"(max-width: 169px) 100vw, 169px\" \/><p id=\"caption-attachment-5072\" class=\"wp-caption-text\">Weiterhin als Schrift- und Pressewartin im Vorstand dabei: Sandra Czychi<\/p><\/div>\n<div id=\"attachment_4263\" style=\"width: 273px\" class=\"wp-caption aligncenter\"><a href=\"https:\/\/dollernersc.de\/wp-content\/uploads\/2019\/03\/K1600_christoph.jpg\"><img loading=\"lazy\" decoding=\"async\" aria-describedby=\"caption-attachment-4263\" class=\"wp-image-4263\" src=\"https:\/\/dollernersc.de\/wp-content\/uploads\/2019\/03\/K1600_christoph-248x300.jpg\" alt=\"\" width=\"263\" height=\"318\" \/><\/a><p id=\"caption-attachment-4263\" class=\"wp-caption-text\">Ebenfalls wiedergew\u00e4hlt f\u00fcr 2 Jahre: Jugendwart Christoph Wichern<\/p><\/div>\n","protected":false},"excerpt":{"rendered":"<p>Mit viel Verantwortung in die Zukunft f\u00fcr Dollern Am Freitag, den 1.3.2019 fand die j\u00e4hrliche Jahreshauptversammlung vom Dollerner Sport-Club in der Mehrzweckhalle statt. Auf der Tagesordnung standen die Jahresberichte der&#8230;<\/p>\n","protected":false},"author":1,"featured_media":5067,"comment_status":"closed","ping_status":"closed","sticky":false,"template":"","format":"standard","meta":{"footnotes":""},"categories":[46],"tags":[],"yoast_head":"<!-- This site is optimized with the Yoast SEO plugin v22.9 - https:\/\/yoast.com\/wordpress\/plugins\/seo\/ -->\n<title>JHV beim Dollerner Sport-Club: Mit viel Verantwortung in die Zukunft - Dollerner Sport-Club e.V.<\/title>\n<meta name=\"robots\" content=\"index, follow, max-snippet:-1, max-image-preview:large, max-video-preview:-1\" \/>\n<link rel=\"canonical\" href=\"https:\/\/dollernersc.de\/?p=4258\" \/>\n<meta property=\"og:locale\" content=\"de_DE\" \/>\n<meta property=\"og:type\" content=\"article\" \/>\n<meta property=\"og:title\" content=\"JHV beim Dollerner Sport-Club: Mit viel Verantwortung in die Zukunft - Dollerner Sport-Club e.V.\" \/>\n<meta property=\"og:description\" content=\"Mit viel Verantwortung in die Zukunft f\u00fcr Dollern Am Freitag, den 1.3.2019 fand die j\u00e4hrliche Jahreshauptversammlung vom Dollerner Sport-Club in der Mehrzweckhalle statt. Auf der Tagesordnung standen die Jahresberichte der...\" \/>\n<meta property=\"og:url\" content=\"https:\/\/dollernersc.de\/?p=4258\" \/>\n<meta property=\"og:site_name\" content=\"Dollerner Sport-Club e.V.\" \/>\n<meta property=\"article:published_time\" content=\"2019-03-02T10:14:51+00:00\" \/>\n<meta property=\"article:modified_time\" content=\"2020-05-25T12:27:12+00:00\" \/>\n<meta property=\"og:image\" content=\"https:\/\/dollernersc.de\/wp-content\/uploads\/2019\/03\/K1600_P1080846.jpg\" \/>\n\t<meta property=\"og:image:width\" content=\"1920\" \/>\n\t<meta property=\"og:image:height\" content=\"1080\" \/>\n\t<meta property=\"og:image:type\" content=\"image\/jpeg\" \/>\n<meta name=\"author\" content=\"Dollerner SC\" \/>\n<meta name=\"twitter:card\" content=\"summary_large_image\" \/>\n<meta name=\"twitter:label1\" content=\"Verfasst von\" \/>\n\t<meta name=\"twitter:data1\" content=\"Dollerner SC\" \/>\n\t<meta name=\"twitter:label2\" content=\"Gesch\u00e4tzte Lesezeit\" \/>\n\t<meta name=\"twitter:data2\" content=\"4\u00a0Minuten\" \/>\n<script type=\"application\/ld+json\" class=\"yoast-schema-graph\">{\"@context\":\"https:\/\/schema.org\",\"@graph\":[{\"@type\":\"WebPage\",\"@id\":\"https:\/\/dollernersc.de\/?p=4258\",\"url\":\"https:\/\/dollernersc.de\/?p=4258\",\"name\":\"JHV beim Dollerner Sport-Club: Mit viel Verantwortung in die Zukunft - Dollerner Sport-Club e.V.\",\"isPartOf\":{\"@id\":\"https:\/\/dollernersc.de\/#website\"},\"primaryImageOfPage\":{\"@id\":\"https:\/\/dollernersc.de\/?p=4258#primaryimage\"},\"image\":{\"@id\":\"https:\/\/dollernersc.de\/?p=4258#primaryimage\"},\"thumbnailUrl\":\"https:\/\/dollernersc.de\/wp-content\/uploads\/2019\/03\/K1600_P1080846.jpg\",\"datePublished\":\"2019-03-02T10:14:51+00:00\",\"dateModified\":\"2020-05-25T12:27:12+00:00\",\"author\":{\"@id\":\"https:\/\/dollernersc.de\/#\/schema\/person\/7536dc7365c03c404c28b6d007ae097e\"},\"breadcrumb\":{\"@id\":\"https:\/\/dollernersc.de\/?p=4258#breadcrumb\"},\"inLanguage\":\"de\",\"potentialAction\":[{\"@type\":\"ReadAction\",\"target\":[\"https:\/\/dollernersc.de\/?p=4258\"]}]},{\"@type\":\"ImageObject\",\"inLanguage\":\"de\",\"@id\":\"https:\/\/dollernersc.de\/?p=4258#primaryimage\",\"url\":\"https:\/\/dollernersc.de\/wp-content\/uploads\/2019\/03\/K1600_P1080846.jpg\",\"contentUrl\":\"https:\/\/dollernersc.de\/wp-content\/uploads\/2019\/03\/K1600_P1080846.jpg\",\"width\":1920,\"height\":1080},{\"@type\":\"BreadcrumbList\",\"@id\":\"https:\/\/dollernersc.de\/?p=4258#breadcrumb\",\"itemListElement\":[{\"@type\":\"ListItem\",\"position\":1,\"name\":\"Startseite\",\"item\":\"https:\/\/dollernersc.de\/\"},{\"@type\":\"ListItem\",\"position\":2,\"name\":\"JHV beim Dollerner Sport-Club: Mit viel Verantwortung in die Zukunft\"}]},{\"@type\":\"WebSite\",\"@id\":\"https:\/\/dollernersc.de\/#website\",\"url\":\"https:\/\/dollernersc.de\/\",\"name\":\"Dollerner Sport-Club e.V.\",\"description\":\"\",\"potentialAction\":[{\"@type\":\"SearchAction\",\"target\":{\"@type\":\"EntryPoint\",\"urlTemplate\":\"https:\/\/dollernersc.de\/?s={search_term_string}\"},\"query-input\":\"required name=search_term_string\"}],\"inLanguage\":\"de\"},{\"@type\":\"Person\",\"@id\":\"https:\/\/dollernersc.de\/#\/schema\/person\/7536dc7365c03c404c28b6d007ae097e\",\"name\":\"Dollerner SC\",\"image\":{\"@type\":\"ImageObject\",\"inLanguage\":\"de\",\"@id\":\"https:\/\/dollernersc.de\/#\/schema\/person\/image\/\",\"url\":\"https:\/\/secure.gravatar.com\/avatar\/cc3b6265e4a748b324092868a60258b9?s=96&d=mm&r=g\",\"contentUrl\":\"https:\/\/secure.gravatar.com\/avatar\/cc3b6265e4a748b324092868a60258b9?s=96&d=mm&r=g\",\"caption\":\"Dollerner SC\"},\"url\":\"https:\/\/dollernersc.de\/?author=1\"}]}<\/script>\n<!-- \/ Yoast SEO plugin. -->","yoast_head_json":{"title":"JHV beim Dollerner Sport-Club: Mit viel Verantwortung in die Zukunft - Dollerner Sport-Club e.V.","robots":{"index":"index","follow":"follow","max-snippet":"max-snippet:-1","max-image-preview":"max-image-preview:large","max-video-preview":"max-video-preview:-1"},"canonical":"https:\/\/dollernersc.de\/?p=4258","og_locale":"de_DE","og_type":"article","og_title":"JHV beim Dollerner Sport-Club: Mit viel Verantwortung in die Zukunft - Dollerner Sport-Club e.V.","og_description":"Mit viel Verantwortung in die Zukunft f\u00fcr Dollern Am Freitag, den 1.3.2019 fand die j\u00e4hrliche Jahreshauptversammlung vom Dollerner Sport-Club in der Mehrzweckhalle statt. Auf der Tagesordnung standen die Jahresberichte der...","og_url":"https:\/\/dollernersc.de\/?p=4258","og_site_name":"Dollerner Sport-Club e.V.","article_published_time":"2019-03-02T10:14:51+00:00","article_modified_time":"2020-05-25T12:27:12+00:00","og_image":[{"width":1920,"height":1080,"url":"https:\/\/dollernersc.de\/wp-content\/uploads\/2019\/03\/K1600_P1080846.jpg","type":"image\/jpeg"}],"author":"Dollerner SC","twitter_card":"summary_large_image","twitter_misc":{"Verfasst von":"Dollerner SC","Gesch\u00e4tzte Lesezeit":"4\u00a0Minuten"},"schema":{"@context":"https:\/\/schema.org","@graph":[{"@type":"WebPage","@id":"https:\/\/dollernersc.de\/?p=4258","url":"https:\/\/dollernersc.de\/?p=4258","name":"JHV beim Dollerner Sport-Club: Mit viel Verantwortung in die Zukunft - Dollerner Sport-Club e.V.","isPartOf":{"@id":"https:\/\/dollernersc.de\/#website"},"primaryImageOfPage":{"@id":"https:\/\/dollernersc.de\/?p=4258#primaryimage"},"image":{"@id":"https:\/\/dollernersc.de\/?p=4258#primaryimage"},"thumbnailUrl":"https:\/\/dollernersc.de\/wp-content\/uploads\/2019\/03\/K1600_P1080846.jpg","datePublished":"2019-03-02T10:14:51+00:00","dateModified":"2020-05-25T12:27:12+00:00","author":{"@id":"https:\/\/dollernersc.de\/#\/schema\/person\/7536dc7365c03c404c28b6d007ae097e"},"breadcrumb":{"@id":"https:\/\/dollernersc.de\/?p=4258#breadcrumb"},"inLanguage":"de","potentialAction":[{"@type":"ReadAction","target":["https:\/\/dollernersc.de\/?p=4258"]}]},{"@type":"ImageObject","inLanguage":"de","@id":"https:\/\/dollernersc.de\/?p=4258#primaryimage","url":"https:\/\/dollernersc.de\/wp-content\/uploads\/2019\/03\/K1600_P1080846.jpg","contentUrl":"https:\/\/dollernersc.de\/wp-content\/uploads\/2019\/03\/K1600_P1080846.jpg","width":1920,"height":1080},{"@type":"BreadcrumbList","@id":"https:\/\/dollernersc.de\/?p=4258#breadcrumb","itemListElement":[{"@type":"ListItem","position":1,"name":"Startseite","item":"https:\/\/dollernersc.de\/"},{"@type":"ListItem","position":2,"name":"JHV beim Dollerner Sport-Club: Mit viel Verantwortung in die Zukunft"}]},{"@type":"WebSite","@id":"https:\/\/dollernersc.de\/#website","url":"https:\/\/dollernersc.de\/","name":"Dollerner Sport-Club e.V.","description":"","potentialAction":[{"@type":"SearchAction","target":{"@type":"EntryPoint","urlTemplate":"https:\/\/dollernersc.de\/?s={search_term_string}"},"query-input":"required name=search_term_string"}],"inLanguage":"de"},{"@type":"Person","@id":"https:\/\/dollernersc.de\/#\/schema\/person\/7536dc7365c03c404c28b6d007ae097e","name":"Dollerner SC","image":{"@type":"ImageObject","inLanguage":"de","@id":"https:\/\/dollernersc.de\/#\/schema\/person\/image\/","url":"https:\/\/secure.gravatar.com\/avatar\/cc3b6265e4a748b324092868a60258b9?s=96&d=mm&r=g","contentUrl":"https:\/\/secure.gravatar.com\/avatar\/cc3b6265e4a748b324092868a60258b9?s=96&d=mm&r=g","caption":"Dollerner SC"},"url":"https:\/\/dollernersc.de\/?author=1"}]}},"_links":{"self":[{"href":"https:\/\/dollernersc.de\/index.php?rest_route=\/wp\/v2\/posts\/4258"}],"collection":[{"href":"https:\/\/dollernersc.de\/index.php?rest_route=\/wp\/v2\/posts"}],"about":[{"href":"https:\/\/dollernersc.de\/index.php?rest_route=\/wp\/v2\/types\/post"}],"author":[{"embeddable":true,"href":"https:\/\/dollernersc.de\/index.php?rest_route=\/wp\/v2\/users\/1"}],"replies":[{"embeddable":true,"href":"https:\/\/dollernersc.de\/index.php?rest_route=%2Fwp%2Fv2%2Fcomments&post=4258"}],"version-history":[{"count":2,"href":"https:\/\/dollernersc.de\/index.php?rest_route=\/wp\/v2\/posts\/4258\/revisions"}],"predecessor-version":[{"id":5075,"href":"https:\/\/dollernersc.de\/index.php?rest_route=\/wp\/v2\/posts\/4258\/revisions\/5075"}],"wp:featuredmedia":[{"embeddable":true,"href":"https:\/\/dollernersc.de\/index.php?rest_route=\/wp\/v2\/media\/5067"}],"wp:attachment":[{"href":"https:\/\/dollernersc.de\/index.php?rest_route=%2Fwp%2Fv2%2Fmedia&parent=4258"}],"wp:term":[{"taxonomy":"category","embeddable":true,"href":"https:\/\/dollernersc.de\/index.php?rest_route=%2Fwp%2Fv2%2Fcategories&post=4258"},{"taxonomy":"post_tag","embeddable":true,"href":"https:\/\/dollernersc.de\/index.php?rest_route=%2Fwp%2Fv2%2Ftags&post=4258"}],"curies":[{"name":"wp","href":"https:\/\/api.w.org\/{rel}","templated":true}]}}