{"id":4235,"date":"2019-02-10T14:39:25","date_gmt":"2019-02-10T13:39:25","guid":{"rendered":"http:\/\/ferienwohnungen-dollern.de\/?p=4235"},"modified":"2019-02-10T14:39:25","modified_gmt":"2019-02-10T13:39:25","slug":"stader-tageblatt-den-dollerner-buschteichlauf-wiederbelebt","status":"publish","type":"post","link":"https:\/\/dollernersc.de\/?p=4235","title":{"rendered":"Stader Tageblatt: Den Dollerner Buschteichlauf wiederbelebt"},"content":{"rendered":"<h3>Stader Tageblatt: Den Dollerner Buschteichlauf wiederbelebt<\/h3>\n<p><b>DOLLERN. Nach einem Jahr Pause hat der Dollerner B\u00fcrgerVerein den Buschteichlauf wieder reaktiviert. Hauptorganisator Martin Dickner holte sich mit dem Dollerner SC einen kompetenten Partner mit ins Boot.<\/b><\/p>\n<p>Einen personell bedingten Ausfall der zw\u00f6lften Auflage im Jahr 2018 m\u00f6chte Martin Dickner (45) nicht noch einmal erleben. Weil Dickner beruflich stark eingespannt war, fiel der Buschteichlauf im vergangenen Jahr ins Wasser. \u201eEs war nicht genug Manpower da\u201c, sagt Dickner. Und es k\u00f6nne nicht sein, dass der Lauf ausfalle, nur weil er an diesem Tag nicht k\u00f6nne. \u201eWir wollen uns jetzt breiter aufstellen\u201c, sagt Dickner. Der Vorstand des Dollerner SC hat nach einer kurzen internen Sitzung schnell zugesagt. Am 29. September geht nun die zw\u00f6lfte Auflage der Laufveranstaltung im Rahmen des Dollerner Buschteichfestes \u00fcber die B\u00fchne. Als einer der Hauptsponsoren agiert das Wohlf\u00fchlhaus Mohr in Dollern.<\/p>\n<p>Vielerorts haben Vereine Probleme, Ehrenamtliche zu finden, die solche Laufveranstaltungen organisieren. Der Oldendorfer Winterlauf fand in diesem Jahr wom\u00f6glich zum letzten Mal statt, weil der Hauptorganisator aussteigt und die Helfer nicht gerade Schlange stehen. Das Organisationskomitee des Bliedersdorfer Volkslaufes war ebenfalls in die Jahre gekommen. Der Verein sucht h\u00e4nderingend Nachfolger. In Dollern \u00fcbernimmt jetzt die n\u00e4chste Generation. Der Mitstreiter des 45-j\u00e4hrigen Martin Dickner hei\u00dft Christoph Wichern. Wichern ist 26 Jahre alt und agiert als Jugendwart beim Dollerner SC.<\/p>\n<p>Die Organisation des Buschteichlaufes steckt derzeit noch in den Anf\u00e4ngen. Aber Dickner und Wichern haben einen genauen Plan. Als Co-Regisseur hat Wichern zun\u00e4chst die Internetseite des Buschteichlaufes \u00fcberarbeitet und sie l\u00e4ngst f\u00fcr die Anmeldung freigeschaltet. Im n\u00e4chsten Schritt gehen der Dollerner SC und der B\u00fcrgerVerein via Facebook, mit Plakaten und Banner in die Werbung.<\/p>\n<p>\u201eDer Buschteichlauf passt sportlich nat\u00fcrlich gut zu uns\u201c, sagt Christoph Wichern. Der Verein verf\u00fcge bei 500 Mitgliedern \u00fcber ein gutes Netzwerk und werde es entsprechend nutzen, um viele Menschen an die Startlinie zu bekommen. Wichern und Dickner sprechen die Kinderg\u00e4rten der Gemeinde an, um die Kleinsten f\u00fcr den sogenannten M\u00e4uselauf zu aktivieren. Damit der Jugendlauf am 29. September gut besetzt ist, r\u00fchren die Veranstalter in den Grundschulen der umliegenden D\u00f6rfer die Werbetrommel. Zudem spricht der Dollerner SC die eigene Jugend an.<\/p>\n<p>Beim B\u00fcrgerlauf \u00fcber 6,5 Kilometer werden vermehrt Hobbyl\u00e4ufer an den Start gehen. Daf\u00fcr will der Dollerner SC seine erwachsenen Mitglieder gewinnen. \u201eDas soll dann die Basis bilden\u201c, sagt Wichern. Der Hauptlauf \u00fcber 12,6 Kilometer richte sich an eine ganz andere Zielgruppe. \u201eDa starten Leute, die an ihre Grenzen gehen und unter Wettkampfbedingungen laufen wollen\u201c, sagt Martin Dickner.<\/p>\n<p>Der Veranstalter kann mit einem Pfund besonders wuchern. Vor allem der Hauptlauf besticht durch seine attraktive Streckenf\u00fchrung. Die Starter laufen entlang der Buschteiche durch die pure Idylle. Christoph Wichern: \u201eDas ist eine coole Veranstaltung.\u201c \/Stader Tageblatt, 10.2.2019, Daniel Berlin<\/p>\n<p>Zur Anmeldung:<\/p>\n<p><a href=\"www.buschteichlauf-dollern.de\"><img loading=\"lazy\" decoding=\"async\" class=\"wp-image-4104 size-medium aligncenter\" src=\"https:\/\/dollernersc.de\/wp-content\/uploads\/2018\/12\/anmeldung-buschteichlauf-01-300x114.png\" alt=\"Banner f\u00fcr Buschteichlauf\" width=\"300\" height=\"114\" \/><\/a><\/p>\n<p>Facebook-Veranstaltung:<br \/>\n&nbsp;<\/p>\n<div id=\"fb-root\"><\/div>\n<p><script>(function(d, s, id) {\n  var js, fjs = d.getElementsByTagName(s)[0];\n  if (d.getElementById(id)) return;\n  js = d.createElement(s); js.id = id;\n  js.src = 'https:\/\/connect.facebook.net\/de_DE\/sdk.js#xfbml=1&version=v3.2&appId=129259737474821&autoLogAppEvents=1';\n  fjs.parentNode.insertBefore(js, fjs);\n}(document, 'script', 'facebook-jssdk'));<\/script><\/p>\n<div class=\"fb-page\" data-href=\"https:\/\/www.facebook.com\/dollerner.sc\/\" data-tabs=\"events\" data-width=\"500\" data-small-header=\"false\" data-adapt-container-width=\"true\" data-hide-cover=\"false\" data-show-facepile=\"true\">\n<blockquote cite=\"https:\/\/www.facebook.com\/dollerner.sc\/\" class=\"fb-xfbml-parse-ignore\"><p><a href=\"https:\/\/www.facebook.com\/dollerner.sc\/\">Dollerner SC<\/a><\/p><\/blockquote>\n<\/div>\n","protected":false},"excerpt":{"rendered":"<p>Stader Tageblatt: Den Dollerner Buschteichlauf wiederbelebt DOLLERN. Nach einem Jahr Pause hat der Dollerner B\u00fcrgerVerein den Buschteichlauf wieder reaktiviert. Hauptorganisator Martin Dickner holte sich mit dem Dollerner SC einen kompetenten&#8230;<\/p>\n","protected":false},"author":1,"featured_media":4236,"comment_status":"closed","ping_status":"closed","sticky":false,"template":"","format":"standard","meta":{"footnotes":""},"categories":[46],"tags":[],"yoast_head":"<!-- This site is optimized with the Yoast SEO plugin v22.9 - https:\/\/yoast.com\/wordpress\/plugins\/seo\/ -->\n<title>Stader Tageblatt: Den Dollerner Buschteichlauf wiederbelebt - Dollerner Sport-Club e.V.<\/title>\n<meta name=\"robots\" content=\"index, follow, max-snippet:-1, max-image-preview:large, max-video-preview:-1\" \/>\n<link rel=\"canonical\" href=\"https:\/\/dollernersc.de\/?p=4235\" \/>\n<meta property=\"og:locale\" content=\"de_DE\" \/>\n<meta property=\"og:type\" content=\"article\" \/>\n<meta property=\"og:title\" content=\"Stader Tageblatt: Den Dollerner Buschteichlauf wiederbelebt - Dollerner Sport-Club e.V.\" \/>\n<meta property=\"og:description\" content=\"Stader Tageblatt: Den Dollerner Buschteichlauf wiederbelebt DOLLERN. Nach einem Jahr Pause hat der Dollerner B\u00fcrgerVerein den Buschteichlauf wieder reaktiviert. Hauptorganisator Martin Dickner holte sich mit dem Dollerner SC einen kompetenten...\" \/>\n<meta property=\"og:url\" content=\"https:\/\/dollernersc.de\/?p=4235\" \/>\n<meta property=\"og:site_name\" content=\"Dollerner Sport-Club e.V.\" \/>\n<meta property=\"article:published_time\" content=\"2019-02-10T13:39:25+00:00\" \/>\n<meta name=\"author\" content=\"Dollerner SC\" \/>\n<meta name=\"twitter:card\" content=\"summary_large_image\" \/>\n<meta name=\"twitter:label1\" content=\"Verfasst von\" \/>\n\t<meta name=\"twitter:data1\" content=\"Dollerner SC\" \/>\n\t<meta name=\"twitter:label2\" content=\"Gesch\u00e4tzte Lesezeit\" \/>\n\t<meta name=\"twitter:data2\" content=\"2\u00a0Minuten\" \/>\n<script type=\"application\/ld+json\" class=\"yoast-schema-graph\">{\"@context\":\"https:\/\/schema.org\",\"@graph\":[{\"@type\":\"WebPage\",\"@id\":\"https:\/\/dollernersc.de\/?p=4235\",\"url\":\"https:\/\/dollernersc.de\/?p=4235\",\"name\":\"Stader Tageblatt: Den Dollerner Buschteichlauf wiederbelebt - Dollerner Sport-Club e.V.\",\"isPartOf\":{\"@id\":\"https:\/\/dollernersc.de\/#website\"},\"primaryImageOfPage\":{\"@id\":\"https:\/\/dollernersc.de\/?p=4235#primaryimage\"},\"image\":{\"@id\":\"https:\/\/dollernersc.de\/?p=4235#primaryimage\"},\"thumbnailUrl\":\"\",\"datePublished\":\"2019-02-10T13:39:25+00:00\",\"dateModified\":\"2019-02-10T13:39:25+00:00\",\"author\":{\"@id\":\"https:\/\/dollernersc.de\/#\/schema\/person\/7536dc7365c03c404c28b6d007ae097e\"},\"breadcrumb\":{\"@id\":\"https:\/\/dollernersc.de\/?p=4235#breadcrumb\"},\"inLanguage\":\"de\",\"potentialAction\":[{\"@type\":\"ReadAction\",\"target\":[\"https:\/\/dollernersc.de\/?p=4235\"]}]},{\"@type\":\"ImageObject\",\"inLanguage\":\"de\",\"@id\":\"https:\/\/dollernersc.de\/?p=4235#primaryimage\",\"url\":\"\",\"contentUrl\":\"\"},{\"@type\":\"BreadcrumbList\",\"@id\":\"https:\/\/dollernersc.de\/?p=4235#breadcrumb\",\"itemListElement\":[{\"@type\":\"ListItem\",\"position\":1,\"name\":\"Startseite\",\"item\":\"https:\/\/dollernersc.de\/\"},{\"@type\":\"ListItem\",\"position\":2,\"name\":\"Stader Tageblatt: Den Dollerner Buschteichlauf wiederbelebt\"}]},{\"@type\":\"WebSite\",\"@id\":\"https:\/\/dollernersc.de\/#website\",\"url\":\"https:\/\/dollernersc.de\/\",\"name\":\"Dollerner Sport-Club e.V.\",\"description\":\"\",\"potentialAction\":[{\"@type\":\"SearchAction\",\"target\":{\"@type\":\"EntryPoint\",\"urlTemplate\":\"https:\/\/dollernersc.de\/?s={search_term_string}\"},\"query-input\":\"required name=search_term_string\"}],\"inLanguage\":\"de\"},{\"@type\":\"Person\",\"@id\":\"https:\/\/dollernersc.de\/#\/schema\/person\/7536dc7365c03c404c28b6d007ae097e\",\"name\":\"Dollerner SC\",\"image\":{\"@type\":\"ImageObject\",\"inLanguage\":\"de\",\"@id\":\"https:\/\/dollernersc.de\/#\/schema\/person\/image\/\",\"url\":\"https:\/\/secure.gravatar.com\/avatar\/cc3b6265e4a748b324092868a60258b9?s=96&d=mm&r=g\",\"contentUrl\":\"https:\/\/secure.gravatar.com\/avatar\/cc3b6265e4a748b324092868a60258b9?s=96&d=mm&r=g\",\"caption\":\"Dollerner SC\"},\"url\":\"https:\/\/dollernersc.de\/?author=1\"}]}<\/script>\n<!-- \/ Yoast SEO plugin. -->","yoast_head_json":{"title":"Stader Tageblatt: Den Dollerner Buschteichlauf wiederbelebt - Dollerner Sport-Club e.V.","robots":{"index":"index","follow":"follow","max-snippet":"max-snippet:-1","max-image-preview":"max-image-preview:large","max-video-preview":"max-video-preview:-1"},"canonical":"https:\/\/dollernersc.de\/?p=4235","og_locale":"de_DE","og_type":"article","og_title":"Stader Tageblatt: Den Dollerner Buschteichlauf wiederbelebt - Dollerner Sport-Club e.V.","og_description":"Stader Tageblatt: Den Dollerner Buschteichlauf wiederbelebt DOLLERN. Nach einem Jahr Pause hat der Dollerner B\u00fcrgerVerein den Buschteichlauf wieder reaktiviert. Hauptorganisator Martin Dickner holte sich mit dem Dollerner SC einen kompetenten...","og_url":"https:\/\/dollernersc.de\/?p=4235","og_site_name":"Dollerner Sport-Club e.V.","article_published_time":"2019-02-10T13:39:25+00:00","author":"Dollerner SC","twitter_card":"summary_large_image","twitter_misc":{"Verfasst von":"Dollerner SC","Gesch\u00e4tzte Lesezeit":"2\u00a0Minuten"},"schema":{"@context":"https:\/\/schema.org","@graph":[{"@type":"WebPage","@id":"https:\/\/dollernersc.de\/?p=4235","url":"https:\/\/dollernersc.de\/?p=4235","name":"Stader Tageblatt: Den Dollerner Buschteichlauf wiederbelebt - Dollerner Sport-Club e.V.","isPartOf":{"@id":"https:\/\/dollernersc.de\/#website"},"primaryImageOfPage":{"@id":"https:\/\/dollernersc.de\/?p=4235#primaryimage"},"image":{"@id":"https:\/\/dollernersc.de\/?p=4235#primaryimage"},"thumbnailUrl":"","datePublished":"2019-02-10T13:39:25+00:00","dateModified":"2019-02-10T13:39:25+00:00","author":{"@id":"https:\/\/dollernersc.de\/#\/schema\/person\/7536dc7365c03c404c28b6d007ae097e"},"breadcrumb":{"@id":"https:\/\/dollernersc.de\/?p=4235#breadcrumb"},"inLanguage":"de","potentialAction":[{"@type":"ReadAction","target":["https:\/\/dollernersc.de\/?p=4235"]}]},{"@type":"ImageObject","inLanguage":"de","@id":"https:\/\/dollernersc.de\/?p=4235#primaryimage","url":"","contentUrl":""},{"@type":"BreadcrumbList","@id":"https:\/\/dollernersc.de\/?p=4235#breadcrumb","itemListElement":[{"@type":"ListItem","position":1,"name":"Startseite","item":"https:\/\/dollernersc.de\/"},{"@type":"ListItem","position":2,"name":"Stader Tageblatt: Den Dollerner Buschteichlauf wiederbelebt"}]},{"@type":"WebSite","@id":"https:\/\/dollernersc.de\/#website","url":"https:\/\/dollernersc.de\/","name":"Dollerner Sport-Club e.V.","description":"","potentialAction":[{"@type":"SearchAction","target":{"@type":"EntryPoint","urlTemplate":"https:\/\/dollernersc.de\/?s={search_term_string}"},"query-input":"required name=search_term_string"}],"inLanguage":"de"},{"@type":"Person","@id":"https:\/\/dollernersc.de\/#\/schema\/person\/7536dc7365c03c404c28b6d007ae097e","name":"Dollerner SC","image":{"@type":"ImageObject","inLanguage":"de","@id":"https:\/\/dollernersc.de\/#\/schema\/person\/image\/","url":"https:\/\/secure.gravatar.com\/avatar\/cc3b6265e4a748b324092868a60258b9?s=96&d=mm&r=g","contentUrl":"https:\/\/secure.gravatar.com\/avatar\/cc3b6265e4a748b324092868a60258b9?s=96&d=mm&r=g","caption":"Dollerner SC"},"url":"https:\/\/dollernersc.de\/?author=1"}]}},"_links":{"self":[{"href":"https:\/\/dollernersc.de\/index.php?rest_route=\/wp\/v2\/posts\/4235"}],"collection":[{"href":"https:\/\/dollernersc.de\/index.php?rest_route=\/wp\/v2\/posts"}],"about":[{"href":"https:\/\/dollernersc.de\/index.php?rest_route=\/wp\/v2\/types\/post"}],"author":[{"embeddable":true,"href":"https:\/\/dollernersc.de\/index.php?rest_route=\/wp\/v2\/users\/1"}],"replies":[{"embeddable":true,"href":"https:\/\/dollernersc.de\/index.php?rest_route=%2Fwp%2Fv2%2Fcomments&post=4235"}],"version-history":[{"count":0,"href":"https:\/\/dollernersc.de\/index.php?rest_route=\/wp\/v2\/posts\/4235\/revisions"}],"wp:featuredmedia":[{"embeddable":true,"href":"https:\/\/dollernersc.de\/index.php?rest_route=\/"}],"wp:attachment":[{"href":"https:\/\/dollernersc.de\/index.php?rest_route=%2Fwp%2Fv2%2Fmedia&parent=4235"}],"wp:term":[{"taxonomy":"category","embeddable":true,"href":"https:\/\/dollernersc.de\/index.php?rest_route=%2Fwp%2Fv2%2Fcategories&post=4235"},{"taxonomy":"post_tag","embeddable":true,"href":"https:\/\/dollernersc.de\/index.php?rest_route=%2Fwp%2Fv2%2Ftags&post=4235"}],"curies":[{"name":"wp","href":"https:\/\/api.w.org\/{rel}","templated":true}]}}