{"id":4225,"date":"2019-02-05T21:51:12","date_gmt":"2019-02-05T20:51:12","guid":{"rendered":"http:\/\/ferienwohnungen-dollern.de\/?p=4225"},"modified":"2019-02-05T21:51:12","modified_gmt":"2019-02-05T20:51:12","slug":"verein-buschteichlauf-am-29-september-2019","status":"publish","type":"post","link":"https:\/\/dollernersc.de\/?p=4225","title":{"rendered":"Verein: Buschteichlauf am 29. September 2019"},"content":{"rendered":"<div id=\"content-inside\" class=\"container right-sidebar\">\n<div id=\"primary\" class=\"content-area\">\n<article id=\"post-143\" class=\"post-143 post type-post status-publish format-standard has-post-thumbnail hentry category-allgemein\">\n<div class=\"entry-content\">\n<h3>Buschteichlauf am 29.September 2019<\/h3>\n<p>Am Sonntag, den 29.September 2019 findet der Buschteichlauf wieder in Dollern im Landkreis Stade statt.\u00a0 Organisiert wird der Volkslauf in diesem Jahr vom <strong>B\u00fcrgerVerein Dollern<\/strong> und dem <strong>Dollerner Sport-Club<\/strong>. Der Buschteichlauf wird an diesem Tag seine 12. Auflage haben und wir freuen uns auf tolles Lauf-Event mit Euch.<\/p>\n<p><a href=\"https:\/\/dollernersc.de\/wp-content\/uploads\/2018\/12\/K1600_plakat-buschteichlauf2.jpg\"><img loading=\"lazy\" decoding=\"async\" class=\"wp-image-4111 aligncenter\" src=\"https:\/\/dollernersc.de\/wp-content\/uploads\/2018\/12\/K1600_plakat-buschteichlauf2-212x300.jpg\" alt=\"Plakat f\u00fcr den Buschteichlauf in Dollern\" width=\"335\" height=\"474\" \/><\/a><\/p>\n<p>Begeisterte L\u00e4ufer aus Dollern, egal ob Jung oder Alt,\u00a0 und dem Landkreis Stade k\u00f6nnen sich ab sofort f\u00fcr das Event anmelden. F\u00fcr Kinder bis circa 5 Jahren wird der sogenannte <strong>M\u00e4uselauf<\/strong> \u00fcber eine Strecke von 200 Metern angeboten und beim <strong>Kinder- und Jugendlauf<\/strong> \u00fcber 2,3 km k\u00f6nnen Jugendliche bis 16 Jahren teilnehmen. F\u00fcr Erwachsene wird der <strong>B\u00fcrgerlauf<\/strong> (6,4 km) und der <strong>Hauptlauf<\/strong> (12,6 km) organisiert. Beim B\u00fcrgerlauf gibt es die zus\u00e4tzliche M\u00f6glichkeit als Verein oder Organisation an einer Mannschaftswertung teilzunehmen. Hierf\u00fcr werden 3 L\u00e4ufer je Team ben\u00f6tigt. Die Strecke an diesem Tag f\u00fchrt u.a. entlang des Heuweges, Osterberg und an den Buschteichen entlang und gilt unter Kennern besonders auf der 12,6 km-Distanz im Hauptlauf aufgrund des Gef\u00e4lles als sehr anspruchsvoll in der Region.<\/p>\n<p><a href=\"https:\/\/dollernersc.de\/wp-content\/uploads\/2018\/12\/laufstrecke2019.png\"><img loading=\"lazy\" decoding=\"async\" class=\"aligncenter wp-image-4116\" src=\"https:\/\/dollernersc.de\/wp-content\/uploads\/2018\/12\/laufstrecke2019-292x300.png\" alt=\"Strecke Buschteichlauf\" width=\"335\" height=\"344\" \/><\/a><\/p>\n<p>Die Veranstaltung wird vom Modehaus Mohr mit attraktiven Sachpreisen unterst\u00fctzt. Desweiteren engagieren sich u.a. Edeka Drewes und der Trinkwasserverband Stader Land an diesem Tag. Die ehrenamtlichen Helfer aus den \u00f6rtlichen Vereinen und der Freiwilligen Feuerwehr aus Dollern und der Samtgemeinde erm\u00f6glichen die Durchf\u00fchrung. Vielen Dank!<\/p>\n<p><a href=\"https:\/\/www.buschteichlauf-dollern.de\/\"><img loading=\"lazy\" decoding=\"async\" class=\"aligncenter wp-image-4104 size-medium\" src=\"https:\/\/dollernersc.de\/wp-content\/uploads\/2018\/12\/anmeldung-buschteichlauf-01-300x114.png\" alt=\"Banner f\u00fcr Buschteichlauf\" width=\"300\" height=\"114\" \/><\/a><\/p>\n<p>&nbsp;<\/p>\n<\/div>\n<\/article>\n<\/div>\n<\/div>\n","protected":false},"excerpt":{"rendered":"<p>Buschteichlauf am 29.September 2019 Am Sonntag, den 29.September 2019 findet der Buschteichlauf wieder in Dollern im Landkreis Stade statt.\u00a0 Organisiert wird der Volkslauf in diesem Jahr vom B\u00fcrgerVerein Dollern und&#8230;<\/p>\n","protected":false},"author":1,"featured_media":4056,"comment_status":"closed","ping_status":"closed","sticky":false,"template":"","format":"standard","meta":{"footnotes":""},"categories":[46],"tags":[],"yoast_head":"<!-- This site is optimized with the Yoast SEO plugin v22.9 - https:\/\/yoast.com\/wordpress\/plugins\/seo\/ -->\n<title>Verein: Buschteichlauf am 29. September 2019 - Dollerner Sport-Club e.V.<\/title>\n<meta name=\"robots\" content=\"index, follow, max-snippet:-1, max-image-preview:large, max-video-preview:-1\" \/>\n<link rel=\"canonical\" href=\"https:\/\/dollernersc.de\/?p=4225\" \/>\n<meta property=\"og:locale\" content=\"de_DE\" \/>\n<meta property=\"og:type\" content=\"article\" \/>\n<meta property=\"og:title\" content=\"Verein: Buschteichlauf am 29. September 2019 - Dollerner Sport-Club e.V.\" \/>\n<meta property=\"og:description\" content=\"Buschteichlauf am 29.September 2019 Am Sonntag, den 29.September 2019 findet der Buschteichlauf wieder in Dollern im Landkreis Stade statt.\u00a0 Organisiert wird der Volkslauf in diesem Jahr vom B\u00fcrgerVerein Dollern und...\" \/>\n<meta property=\"og:url\" content=\"https:\/\/dollernersc.de\/?p=4225\" \/>\n<meta property=\"og:site_name\" content=\"Dollerner Sport-Club e.V.\" \/>\n<meta property=\"article:published_time\" content=\"2019-02-05T20:51:12+00:00\" \/>\n<meta name=\"author\" content=\"Dollerner SC\" \/>\n<meta name=\"twitter:card\" content=\"summary_large_image\" \/>\n<meta name=\"twitter:label1\" content=\"Verfasst von\" \/>\n\t<meta name=\"twitter:data1\" content=\"Dollerner SC\" \/>\n\t<meta name=\"twitter:label2\" content=\"Gesch\u00e4tzte Lesezeit\" \/>\n\t<meta name=\"twitter:data2\" content=\"1\u00a0Minute\" \/>\n<script type=\"application\/ld+json\" class=\"yoast-schema-graph\">{\"@context\":\"https:\/\/schema.org\",\"@graph\":[{\"@type\":\"WebPage\",\"@id\":\"https:\/\/dollernersc.de\/?p=4225\",\"url\":\"https:\/\/dollernersc.de\/?p=4225\",\"name\":\"Verein: Buschteichlauf am 29. September 2019 - Dollerner Sport-Club e.V.\",\"isPartOf\":{\"@id\":\"https:\/\/dollernersc.de\/#website\"},\"primaryImageOfPage\":{\"@id\":\"https:\/\/dollernersc.de\/?p=4225#primaryimage\"},\"image\":{\"@id\":\"https:\/\/dollernersc.de\/?p=4225#primaryimage\"},\"thumbnailUrl\":\"\",\"datePublished\":\"2019-02-05T20:51:12+00:00\",\"dateModified\":\"2019-02-05T20:51:12+00:00\",\"author\":{\"@id\":\"https:\/\/dollernersc.de\/#\/schema\/person\/7536dc7365c03c404c28b6d007ae097e\"},\"breadcrumb\":{\"@id\":\"https:\/\/dollernersc.de\/?p=4225#breadcrumb\"},\"inLanguage\":\"de\",\"potentialAction\":[{\"@type\":\"ReadAction\",\"target\":[\"https:\/\/dollernersc.de\/?p=4225\"]}]},{\"@type\":\"ImageObject\",\"inLanguage\":\"de\",\"@id\":\"https:\/\/dollernersc.de\/?p=4225#primaryimage\",\"url\":\"\",\"contentUrl\":\"\"},{\"@type\":\"BreadcrumbList\",\"@id\":\"https:\/\/dollernersc.de\/?p=4225#breadcrumb\",\"itemListElement\":[{\"@type\":\"ListItem\",\"position\":1,\"name\":\"Startseite\",\"item\":\"https:\/\/dollernersc.de\/\"},{\"@type\":\"ListItem\",\"position\":2,\"name\":\"Verein: Buschteichlauf am 29. September 2019\"}]},{\"@type\":\"WebSite\",\"@id\":\"https:\/\/dollernersc.de\/#website\",\"url\":\"https:\/\/dollernersc.de\/\",\"name\":\"Dollerner Sport-Club e.V.\",\"description\":\"\",\"potentialAction\":[{\"@type\":\"SearchAction\",\"target\":{\"@type\":\"EntryPoint\",\"urlTemplate\":\"https:\/\/dollernersc.de\/?s={search_term_string}\"},\"query-input\":\"required name=search_term_string\"}],\"inLanguage\":\"de\"},{\"@type\":\"Person\",\"@id\":\"https:\/\/dollernersc.de\/#\/schema\/person\/7536dc7365c03c404c28b6d007ae097e\",\"name\":\"Dollerner SC\",\"image\":{\"@type\":\"ImageObject\",\"inLanguage\":\"de\",\"@id\":\"https:\/\/dollernersc.de\/#\/schema\/person\/image\/\",\"url\":\"https:\/\/secure.gravatar.com\/avatar\/cc3b6265e4a748b324092868a60258b9?s=96&d=mm&r=g\",\"contentUrl\":\"https:\/\/secure.gravatar.com\/avatar\/cc3b6265e4a748b324092868a60258b9?s=96&d=mm&r=g\",\"caption\":\"Dollerner SC\"},\"url\":\"https:\/\/dollernersc.de\/?author=1\"}]}<\/script>\n<!-- \/ Yoast SEO plugin. -->","yoast_head_json":{"title":"Verein: Buschteichlauf am 29. September 2019 - Dollerner Sport-Club e.V.","robots":{"index":"index","follow":"follow","max-snippet":"max-snippet:-1","max-image-preview":"max-image-preview:large","max-video-preview":"max-video-preview:-1"},"canonical":"https:\/\/dollernersc.de\/?p=4225","og_locale":"de_DE","og_type":"article","og_title":"Verein: Buschteichlauf am 29. September 2019 - Dollerner Sport-Club e.V.","og_description":"Buschteichlauf am 29.September 2019 Am Sonntag, den 29.September 2019 findet der Buschteichlauf wieder in Dollern im Landkreis Stade statt.\u00a0 Organisiert wird der Volkslauf in diesem Jahr vom B\u00fcrgerVerein Dollern und...","og_url":"https:\/\/dollernersc.de\/?p=4225","og_site_name":"Dollerner Sport-Club e.V.","article_published_time":"2019-02-05T20:51:12+00:00","author":"Dollerner SC","twitter_card":"summary_large_image","twitter_misc":{"Verfasst von":"Dollerner SC","Gesch\u00e4tzte Lesezeit":"1\u00a0Minute"},"schema":{"@context":"https:\/\/schema.org","@graph":[{"@type":"WebPage","@id":"https:\/\/dollernersc.de\/?p=4225","url":"https:\/\/dollernersc.de\/?p=4225","name":"Verein: Buschteichlauf am 29. September 2019 - Dollerner Sport-Club e.V.","isPartOf":{"@id":"https:\/\/dollernersc.de\/#website"},"primaryImageOfPage":{"@id":"https:\/\/dollernersc.de\/?p=4225#primaryimage"},"image":{"@id":"https:\/\/dollernersc.de\/?p=4225#primaryimage"},"thumbnailUrl":"","datePublished":"2019-02-05T20:51:12+00:00","dateModified":"2019-02-05T20:51:12+00:00","author":{"@id":"https:\/\/dollernersc.de\/#\/schema\/person\/7536dc7365c03c404c28b6d007ae097e"},"breadcrumb":{"@id":"https:\/\/dollernersc.de\/?p=4225#breadcrumb"},"inLanguage":"de","potentialAction":[{"@type":"ReadAction","target":["https:\/\/dollernersc.de\/?p=4225"]}]},{"@type":"ImageObject","inLanguage":"de","@id":"https:\/\/dollernersc.de\/?p=4225#primaryimage","url":"","contentUrl":""},{"@type":"BreadcrumbList","@id":"https:\/\/dollernersc.de\/?p=4225#breadcrumb","itemListElement":[{"@type":"ListItem","position":1,"name":"Startseite","item":"https:\/\/dollernersc.de\/"},{"@type":"ListItem","position":2,"name":"Verein: Buschteichlauf am 29. September 2019"}]},{"@type":"WebSite","@id":"https:\/\/dollernersc.de\/#website","url":"https:\/\/dollernersc.de\/","name":"Dollerner Sport-Club e.V.","description":"","potentialAction":[{"@type":"SearchAction","target":{"@type":"EntryPoint","urlTemplate":"https:\/\/dollernersc.de\/?s={search_term_string}"},"query-input":"required name=search_term_string"}],"inLanguage":"de"},{"@type":"Person","@id":"https:\/\/dollernersc.de\/#\/schema\/person\/7536dc7365c03c404c28b6d007ae097e","name":"Dollerner SC","image":{"@type":"ImageObject","inLanguage":"de","@id":"https:\/\/dollernersc.de\/#\/schema\/person\/image\/","url":"https:\/\/secure.gravatar.com\/avatar\/cc3b6265e4a748b324092868a60258b9?s=96&d=mm&r=g","contentUrl":"https:\/\/secure.gravatar.com\/avatar\/cc3b6265e4a748b324092868a60258b9?s=96&d=mm&r=g","caption":"Dollerner SC"},"url":"https:\/\/dollernersc.de\/?author=1"}]}},"_links":{"self":[{"href":"https:\/\/dollernersc.de\/index.php?rest_route=\/wp\/v2\/posts\/4225"}],"collection":[{"href":"https:\/\/dollernersc.de\/index.php?rest_route=\/wp\/v2\/posts"}],"about":[{"href":"https:\/\/dollernersc.de\/index.php?rest_route=\/wp\/v2\/types\/post"}],"author":[{"embeddable":true,"href":"https:\/\/dollernersc.de\/index.php?rest_route=\/wp\/v2\/users\/1"}],"replies":[{"embeddable":true,"href":"https:\/\/dollernersc.de\/index.php?rest_route=%2Fwp%2Fv2%2Fcomments&post=4225"}],"version-history":[{"count":0,"href":"https:\/\/dollernersc.de\/index.php?rest_route=\/wp\/v2\/posts\/4225\/revisions"}],"wp:featuredmedia":[{"embeddable":true,"href":"https:\/\/dollernersc.de\/index.php?rest_route=\/"}],"wp:attachment":[{"href":"https:\/\/dollernersc.de\/index.php?rest_route=%2Fwp%2Fv2%2Fmedia&parent=4225"}],"wp:term":[{"taxonomy":"category","embeddable":true,"href":"https:\/\/dollernersc.de\/index.php?rest_route=%2Fwp%2Fv2%2Fcategories&post=4225"},{"taxonomy":"post_tag","embeddable":true,"href":"https:\/\/dollernersc.de\/index.php?rest_route=%2Fwp%2Fv2%2Ftags&post=4225"}],"curies":[{"name":"wp","href":"https:\/\/api.w.org\/{rel}","templated":true}]}}