{"id":3548,"date":"2018-06-02T09:42:09","date_gmt":"2018-06-02T08:42:09","guid":{"rendered":"http:\/\/ferienwohnungen-dollern.de\/?p=3548"},"modified":"2020-05-25T12:03:13","modified_gmt":"2020-05-25T12:03:13","slug":"dollerner-kindergarten-feiert-sein-25-jaehriges-bestehen","status":"publish","type":"post","link":"https:\/\/dollernersc.de\/?p=3548","title":{"rendered":"Dollerner Kindergarten feiert sein 25-j\u00e4hriges Bestehen"},"content":{"rendered":"<div class=\"_5pbx userContent _3576\" data-ft=\"{&quot;tn&quot;:&quot;K&quot;}\">\n<h3>Dollerner Kindergarten feiert sein 25-j\u00e4hriges Bestehen<\/h3>\n<p>Der Kindergarten in Dollern feiert am Samstag, den 9.06.18 sein 25-j\u00e4hriges Bestehen mit einem Tag der offenen T\u00fcr. Die Kindertagesst\u00e4tte bietet ab 13 Uhr ein tolles Rahmenprogramm an, um das Jubil\u00e4um zu feiern.<\/p>\n<p>Wir sind an dem Tag mit unseren Minihandballern ebenfalls da und feiern mit. An einem eigenen Stand wird es u.a. die M\u00f6glichkeit geben, seine Wurfgeschwindigkeit zu messen, eine Reboundwand zu nutzen oder H\u00fctchen-Werfen zu machen.<\/p>\n<p>Wir freuen uns auf eine tolle Veranstaltung vom Kindergarten, kommt auch vorbei!<\/p>\n<p><a href=\"https:\/\/dollernersc.de\/wp-content\/uploads\/2018\/06\/Tag-der-offenen-T\u00fcr.jpg\"><img loading=\"lazy\" decoding=\"async\" class=\" wp-image-3550 aligncenter\" src=\"https:\/\/dollernersc.de\/wp-content\/uploads\/2018\/06\/Tag-der-offenen-T\u00fcr-212x300.jpg\" alt=\"\" width=\"444\" height=\"628\"><\/a><\/p>\n<\/div>\n","protected":false},"excerpt":{"rendered":"<p>Dollerner Kindergarten feiert sein 25-j\u00e4hriges Bestehen Der Kindergarten in Dollern feiert am Samstag, den 9.06.18 sein 25-j\u00e4hriges Bestehen mit einem Tag der offenen T\u00fcr. Die Kindertagesst\u00e4tte bietet ab 13 Uhr&#8230;<\/p>\n","protected":false},"author":1,"featured_media":0,"comment_status":"closed","ping_status":"closed","sticky":false,"template":"","format":"standard","meta":{"footnotes":""},"categories":[47,59,53,46],"tags":[],"yoast_head":"<!-- This site is optimized with the Yoast SEO plugin v22.9 - https:\/\/yoast.com\/wordpress\/plugins\/seo\/ -->\n<title>Dollerner Kindergarten feiert sein 25-j\u00e4hriges Bestehen - Dollerner Sport-Club e.V.<\/title>\n<meta name=\"robots\" content=\"index, follow, max-snippet:-1, max-image-preview:large, max-video-preview:-1\" \/>\n<link rel=\"canonical\" href=\"https:\/\/dollernersc.de\/?p=3548\" \/>\n<meta property=\"og:locale\" content=\"de_DE\" \/>\n<meta property=\"og:type\" content=\"article\" \/>\n<meta property=\"og:title\" content=\"Dollerner Kindergarten feiert sein 25-j\u00e4hriges Bestehen - Dollerner Sport-Club e.V.\" \/>\n<meta property=\"og:description\" content=\"Dollerner Kindergarten feiert sein 25-j\u00e4hriges Bestehen Der Kindergarten in Dollern feiert am Samstag, den 9.06.18 sein 25-j\u00e4hriges Bestehen mit einem Tag der offenen T\u00fcr. Die Kindertagesst\u00e4tte bietet ab 13 Uhr...\" \/>\n<meta property=\"og:url\" content=\"https:\/\/dollernersc.de\/?p=3548\" \/>\n<meta property=\"og:site_name\" content=\"Dollerner Sport-Club e.V.\" \/>\n<meta property=\"article:published_time\" content=\"2018-06-02T08:42:09+00:00\" \/>\n<meta property=\"article:modified_time\" content=\"2020-05-25T12:03:13+00:00\" \/>\n<meta name=\"author\" content=\"Dollerner SC\" \/>\n<meta name=\"twitter:card\" content=\"summary_large_image\" \/>\n<meta name=\"twitter:label1\" content=\"Verfasst von\" \/>\n\t<meta name=\"twitter:data1\" content=\"Dollerner SC\" \/>\n<script type=\"application\/ld+json\" class=\"yoast-schema-graph\">{\"@context\":\"https:\/\/schema.org\",\"@graph\":[{\"@type\":\"WebPage\",\"@id\":\"https:\/\/dollernersc.de\/?p=3548\",\"url\":\"https:\/\/dollernersc.de\/?p=3548\",\"name\":\"Dollerner Kindergarten feiert sein 25-j\u00e4hriges Bestehen - Dollerner Sport-Club e.V.\",\"isPartOf\":{\"@id\":\"https:\/\/dollernersc.de\/#website\"},\"datePublished\":\"2018-06-02T08:42:09+00:00\",\"dateModified\":\"2020-05-25T12:03:13+00:00\",\"author\":{\"@id\":\"https:\/\/dollernersc.de\/#\/schema\/person\/7536dc7365c03c404c28b6d007ae097e\"},\"breadcrumb\":{\"@id\":\"https:\/\/dollernersc.de\/?p=3548#breadcrumb\"},\"inLanguage\":\"de\",\"potentialAction\":[{\"@type\":\"ReadAction\",\"target\":[\"https:\/\/dollernersc.de\/?p=3548\"]}]},{\"@type\":\"BreadcrumbList\",\"@id\":\"https:\/\/dollernersc.de\/?p=3548#breadcrumb\",\"itemListElement\":[{\"@type\":\"ListItem\",\"position\":1,\"name\":\"Startseite\",\"item\":\"https:\/\/dollernersc.de\/\"},{\"@type\":\"ListItem\",\"position\":2,\"name\":\"Dollerner Kindergarten feiert sein 25-j\u00e4hriges Bestehen\"}]},{\"@type\":\"WebSite\",\"@id\":\"https:\/\/dollernersc.de\/#website\",\"url\":\"https:\/\/dollernersc.de\/\",\"name\":\"Dollerner Sport-Club e.V.\",\"description\":\"\",\"potentialAction\":[{\"@type\":\"SearchAction\",\"target\":{\"@type\":\"EntryPoint\",\"urlTemplate\":\"https:\/\/dollernersc.de\/?s={search_term_string}\"},\"query-input\":\"required name=search_term_string\"}],\"inLanguage\":\"de\"},{\"@type\":\"Person\",\"@id\":\"https:\/\/dollernersc.de\/#\/schema\/person\/7536dc7365c03c404c28b6d007ae097e\",\"name\":\"Dollerner SC\",\"image\":{\"@type\":\"ImageObject\",\"inLanguage\":\"de\",\"@id\":\"https:\/\/dollernersc.de\/#\/schema\/person\/image\/\",\"url\":\"https:\/\/secure.gravatar.com\/avatar\/cc3b6265e4a748b324092868a60258b9?s=96&d=mm&r=g\",\"contentUrl\":\"https:\/\/secure.gravatar.com\/avatar\/cc3b6265e4a748b324092868a60258b9?s=96&d=mm&r=g\",\"caption\":\"Dollerner SC\"},\"url\":\"https:\/\/dollernersc.de\/?author=1\"}]}<\/script>\n<!-- \/ Yoast SEO plugin. -->","yoast_head_json":{"title":"Dollerner Kindergarten feiert sein 25-j\u00e4hriges Bestehen - Dollerner Sport-Club e.V.","robots":{"index":"index","follow":"follow","max-snippet":"max-snippet:-1","max-image-preview":"max-image-preview:large","max-video-preview":"max-video-preview:-1"},"canonical":"https:\/\/dollernersc.de\/?p=3548","og_locale":"de_DE","og_type":"article","og_title":"Dollerner Kindergarten feiert sein 25-j\u00e4hriges Bestehen - Dollerner Sport-Club e.V.","og_description":"Dollerner Kindergarten feiert sein 25-j\u00e4hriges Bestehen Der Kindergarten in Dollern feiert am Samstag, den 9.06.18 sein 25-j\u00e4hriges Bestehen mit einem Tag der offenen T\u00fcr. Die Kindertagesst\u00e4tte bietet ab 13 Uhr...","og_url":"https:\/\/dollernersc.de\/?p=3548","og_site_name":"Dollerner Sport-Club e.V.","article_published_time":"2018-06-02T08:42:09+00:00","article_modified_time":"2020-05-25T12:03:13+00:00","author":"Dollerner SC","twitter_card":"summary_large_image","twitter_misc":{"Verfasst von":"Dollerner SC"},"schema":{"@context":"https:\/\/schema.org","@graph":[{"@type":"WebPage","@id":"https:\/\/dollernersc.de\/?p=3548","url":"https:\/\/dollernersc.de\/?p=3548","name":"Dollerner Kindergarten feiert sein 25-j\u00e4hriges Bestehen - Dollerner Sport-Club e.V.","isPartOf":{"@id":"https:\/\/dollernersc.de\/#website"},"datePublished":"2018-06-02T08:42:09+00:00","dateModified":"2020-05-25T12:03:13+00:00","author":{"@id":"https:\/\/dollernersc.de\/#\/schema\/person\/7536dc7365c03c404c28b6d007ae097e"},"breadcrumb":{"@id":"https:\/\/dollernersc.de\/?p=3548#breadcrumb"},"inLanguage":"de","potentialAction":[{"@type":"ReadAction","target":["https:\/\/dollernersc.de\/?p=3548"]}]},{"@type":"BreadcrumbList","@id":"https:\/\/dollernersc.de\/?p=3548#breadcrumb","itemListElement":[{"@type":"ListItem","position":1,"name":"Startseite","item":"https:\/\/dollernersc.de\/"},{"@type":"ListItem","position":2,"name":"Dollerner Kindergarten feiert sein 25-j\u00e4hriges Bestehen"}]},{"@type":"WebSite","@id":"https:\/\/dollernersc.de\/#website","url":"https:\/\/dollernersc.de\/","name":"Dollerner Sport-Club e.V.","description":"","potentialAction":[{"@type":"SearchAction","target":{"@type":"EntryPoint","urlTemplate":"https:\/\/dollernersc.de\/?s={search_term_string}"},"query-input":"required name=search_term_string"}],"inLanguage":"de"},{"@type":"Person","@id":"https:\/\/dollernersc.de\/#\/schema\/person\/7536dc7365c03c404c28b6d007ae097e","name":"Dollerner SC","image":{"@type":"ImageObject","inLanguage":"de","@id":"https:\/\/dollernersc.de\/#\/schema\/person\/image\/","url":"https:\/\/secure.gravatar.com\/avatar\/cc3b6265e4a748b324092868a60258b9?s=96&d=mm&r=g","contentUrl":"https:\/\/secure.gravatar.com\/avatar\/cc3b6265e4a748b324092868a60258b9?s=96&d=mm&r=g","caption":"Dollerner SC"},"url":"https:\/\/dollernersc.de\/?author=1"}]}},"_links":{"self":[{"href":"https:\/\/dollernersc.de\/index.php?rest_route=\/wp\/v2\/posts\/3548"}],"collection":[{"href":"https:\/\/dollernersc.de\/index.php?rest_route=\/wp\/v2\/posts"}],"about":[{"href":"https:\/\/dollernersc.de\/index.php?rest_route=\/wp\/v2\/types\/post"}],"author":[{"embeddable":true,"href":"https:\/\/dollernersc.de\/index.php?rest_route=\/wp\/v2\/users\/1"}],"replies":[{"embeddable":true,"href":"https:\/\/dollernersc.de\/index.php?rest_route=%2Fwp%2Fv2%2Fcomments&post=3548"}],"version-history":[{"count":1,"href":"https:\/\/dollernersc.de\/index.php?rest_route=\/wp\/v2\/posts\/3548\/revisions"}],"predecessor-version":[{"id":5031,"href":"https:\/\/dollernersc.de\/index.php?rest_route=\/wp\/v2\/posts\/3548\/revisions\/5031"}],"wp:attachment":[{"href":"https:\/\/dollernersc.de\/index.php?rest_route=%2Fwp%2Fv2%2Fmedia&parent=3548"}],"wp:term":[{"taxonomy":"category","embeddable":true,"href":"https:\/\/dollernersc.de\/index.php?rest_route=%2Fwp%2Fv2%2Fcategories&post=3548"},{"taxonomy":"post_tag","embeddable":true,"href":"https:\/\/dollernersc.de\/index.php?rest_route=%2Fwp%2Fv2%2Ftags&post=3548"}],"curies":[{"name":"wp","href":"https:\/\/api.w.org\/{rel}","templated":true}]}}