{"id":2975,"date":"2018-01-28T23:30:13","date_gmt":"2018-01-28T22:30:13","guid":{"rendered":"http:\/\/ferienwohnungen-dollern.de\/?p=2975"},"modified":"2020-06-20T13:40:29","modified_gmt":"2020-06-20T13:40:29","slug":"handball-grundschulaktionstag","status":"publish","type":"post","link":"https:\/\/dollernersc.de\/?p=2975","title":{"rendered":"Handball-Grundschulaktionstag: Informationen zu Trainingszeiten"},"content":{"rendered":"<h3 style=\"text-align: center;\">Grundschulaktionstag 2018-Informationen zu Trainingszeiten<\/h3>\n<p style=\"text-align: center;\"><a href=\"https:\/\/dollernersc.de\/wp-content\/uploads\/2016\/10\/HGAT_Logo_AOK.png\"><img loading=\"lazy\" decoding=\"async\" class=\"alignnone wp-image-2978\" src=\"https:\/\/dollernersc.de\/wp-content\/uploads\/2016\/10\/HGAT_Logo_AOK-300x265.png\" alt=\"\" width=\"145\" height=\"128\" \/><\/a><a href=\"https:\/\/dollernersc.de\/wp-content\/uploads\/2017\/10\/logoBSV.png\"><img loading=\"lazy\" decoding=\"async\" class=\"alignnone wp-image-3179\" src=\"https:\/\/dollernersc.de\/wp-content\/uploads\/2017\/10\/logoBSV-300x109.png\" alt=\"\" width=\"344\" height=\"125\" \/><\/a><\/p>\n<p>Nach 2016 beteiligen sich auch in diesem Jahr \u00fcber 200 nieders\u00e4chsische Grundschulen mit 18 000 Sch\u00fclerinnen am \u201eTag des Jugendhandballs\u201c. Der Handball-Verband Niedersachsen hat gemeinsam mit den Vereinen die nieders\u00e4chsischen Grundschulen zur Teilnahme an dem Grundschulaktionstag aufgerufen.<\/p>\n<p><a href=\"https:\/\/dollernersc.de\/wp-content\/uploads\/2018\/01\/Schultag_Logo.png\"><img loading=\"lazy\" decoding=\"async\" class=\" wp-image-3216 aligncenter\" src=\"https:\/\/dollernersc.de\/wp-content\/uploads\/2018\/01\/Schultag_Logo.png\" alt=\"\" width=\"126\" height=\"72\" \/><\/a><a href=\"https:\/\/dollernersc.de\/wp-content\/uploads\/2017\/09\/1411418015.jpg\"><img loading=\"lazy\" decoding=\"async\" class=\"size-medium wp-image-2948 aligncenter\" src=\"https:\/\/dollernersc.de\/wp-content\/uploads\/2017\/09\/1411418015-300x44.jpg\" alt=\"\" width=\"300\" height=\"44\" \/><\/a><\/p>\n<p>Der Grundschulaktionstag steht unter der Schirmherrschaft des nieders\u00e4chsischen Kultusministeriums: \u201eUnser Ziel ist, die Kinder in spielerischer Form an den Handballsport heranzuf\u00fchren\u201c, sagt HVN-Pr\u00e4sident Stefan H\u00fcdepohl. \u201eWir freuen uns, dass wir erneut so viele Schulen aktivieren konnten, sich an der Aktion zu beteiligen und so f\u00fcr den Sport im Verein im Allgemeinen und den Handballsport im Speziellen zu werben.\u201c Kontakte zwischen Schulen und zu Vereinen sollen gekn\u00fcpft beziehungsweise intensiviert werden.<\/p>\n<p>Ausf\u00fchrlicher Bericht mit Bildern zum Tag ist hier zu finden: <a href=\"https:\/\/dollernersc.de\/?p=3222\">https:\/\/dollernersc.de\/?p=3222<\/a><\/p>\n<h2><\/h2>\n<h2>Unsere Trainingszeiten f\u00fcr:<\/h2>\n<h1 style=\"text-align: center;\"><strong>M\u00e4dchen<\/strong><\/h1>\n<p style=\"text-align: center;\"><strong>-Eltern-Kind-Handball\/Ballgew\u00f6hnung <\/strong><\/p>\n<p style=\"text-align: center;\"><strong><em>Mittwochs 15:00-16:00 Uhr (nach den Osterferien 15:30-16:30 Uhr)<\/em> &#8211; Jahrg\u00e4nge 2012 und j\u00fcnger<\/strong><\/p>\n<p style=\"text-align: center;\"><strong>-Mini-Handball\u00a0<\/strong><\/p>\n<p style=\"text-align: center;\"><strong> <em>Mittwochs 16:00-17:00 Uhr (nach den Osterferien 16:30-17:30 Uhr)<\/em> Jahrg\u00e4nge 2011 und j\u00fcnger<\/strong>:<\/p>\n<p style=\"text-align: center;\"><a href=\"https:\/\/dollernersc.de\/wp-content\/uploads\/2016\/03\/Minis-Helga.jpg\"><img loading=\"lazy\" decoding=\"async\" class=\" wp-image-2829 aligncenter\" src=\"https:\/\/dollernersc.de\/wp-content\/uploads\/2016\/03\/Minis-Helga-300x217.jpg\" alt=\"\" width=\"354\" height=\"256\" \/><\/a><\/p>\n<p style=\"text-align: center;\"><strong>-Maxi-Handball M\u00e4dchen &#8211; Mittwochs 16:45-17:45 Uhr &#8211; Jahrg\u00e4nge (2009)\/2010\/2011:<\/strong><\/p>\n<p style=\"text-align: center;\"><a href=\"https:\/\/dollernersc.de\/wp-content\/uploads\/2017\/06\/Maxis-M\u00e4dchen.jpg\"><img loading=\"lazy\" decoding=\"async\" class=\" wp-image-2827 aligncenter\" src=\"https:\/\/dollernersc.de\/wp-content\/uploads\/2017\/06\/Maxis-M\u00e4dchen-300x231.jpg\" alt=\"\" width=\"362\" height=\"279\" \/><\/a><\/p>\n<p style=\"text-align: center;\"><strong>-weibliche Jugend E &#8211;<em> Mittwochs 17:30-18:45 Uhr<\/em> &#8211; Jahrg\u00e4nge 2007\/2008\/2009:<\/strong><\/p>\n<p><a href=\"https:\/\/dollernersc.de\/wp-content\/uploads\/2016\/06\/K1600_DSC05755A.jpg\"><img loading=\"lazy\" decoding=\"async\" class=\" wp-image-2831 aligncenter\" src=\"https:\/\/dollernersc.de\/wp-content\/uploads\/2016\/06\/K1600_DSC05755A-300x167.jpg\" alt=\"\" width=\"406\" height=\"226\" \/><\/a>.<\/p>\n<h2>Unsere Trainingszeiten f\u00fcr:<\/h2>\n<h1 style=\"text-align: center;\">Jungs<\/h1>\n<p style=\"text-align: center;\"><strong>-Eltern-Kind-Handball\/Ballgew\u00f6hnung <\/strong><\/p>\n<p style=\"text-align: center;\"><strong><em>Mittwochs 15:00-16:00 Uhr (nach den Osterferien 15:30-16:30 Uhr)<\/em> &#8211; Jahrg\u00e4nge 2012 und j\u00fcnger<\/strong><\/p>\n<p style=\"text-align: center;\"><strong>-Mini-Handball\u00a0<\/strong><\/p>\n<p style=\"text-align: center;\"><strong> <em>Mittwochs 16:00-17:00 Uhr (nach den Osterferien 16:30-17:30 Uhr)<\/em> -Jahrg\u00e4nge 2011 und j\u00fcnger<\/strong><\/p>\n<p style=\"text-align: center;\"><strong>-Maxi-Handball &#8211; <em>Mittwochs 16:45-17:45 Uhr<\/em> &#8211; Jahrg\u00e4nge (2010)\/2011\/2012<\/strong><\/p>\n<p style=\"text-align: center;\"><strong>-m\u00e4nnliche F-Jugend &#8211;<em> Freitags 15:30-16:30 Uhr<\/em> &#8211; Jahrg\u00e4nge 2009\/2010\/(2011):<\/strong><\/p>\n<p><a href=\"https:\/\/dollernersc.de\/wp-content\/uploads\/2017\/04\/maxis-b.jpg\"><img loading=\"lazy\" decoding=\"async\" class=\" wp-image-2933 aligncenter\" src=\"https:\/\/dollernersc.de\/wp-content\/uploads\/2017\/04\/maxis-b-300x183.jpg\" alt=\"\" width=\"360\" height=\"220\" \/><\/a><\/p>\n<p style=\"text-align: center;\"><strong>-m\u00e4nnliche E-Jugend &#8211; <em>Donnerstags 17:30-18:30Uhr<\/em> &#8211; Jahrg\u00e4nge 2007\/2008\/(2009):<\/strong><\/p>\n<p><a href=\"https:\/\/dollernersc.de\/wp-content\/uploads\/2016\/03\/K1600_dsc05737a.jpg\"><img loading=\"lazy\" decoding=\"async\" class=\" wp-image-2823 aligncenter\" src=\"https:\/\/dollernersc.de\/wp-content\/uploads\/2016\/03\/K1600_dsc05737a-300x156.jpg\" alt=\"\" width=\"410\" height=\"213\" \/><\/a>.<\/p>\n<h3 style=\"text-align: center;\">Ansprechpartner bei Fragen:<\/h3>\n<p style=\"text-align: center;\">Christoph Wichern<\/p>\n<p style=\"text-align: center;\"><a href=\"https:\/\/dollernersc.de\/wp-content\/uploads\/2018\/02\/K1600_handball-werbeplakat-ohne2-schnitt.jpg\"><img loading=\"lazy\" decoding=\"async\" class=\"alignnone wp-image-3287 \" src=\"https:\/\/dollernersc.de\/wp-content\/uploads\/2018\/02\/K1600_handball-werbeplakat-ohne2-schnitt-213x300.jpg\" alt=\"\" width=\"317\" height=\"446\" \/><\/a><\/p>\n<p style=\"text-align: center;\">.<\/p>\n<h3 style=\"text-align: center;\">Anfahrt zur Mehrzweckhalle in Dollern im Tannenweg:<\/h3>\n<p><iframe loading=\"lazy\" src=\"https:\/\/www.google.com\/maps\/embed?pb=!1m18!1m12!1m3!1d2371.1892091479153!2d9.551799327233038!3d53.536535762005784!2m3!1f0!2f0!3f0!3m2!1i1024!2i768!4f13.1!3m3!1m2!1s0x47b17a0e7c879753%3A0x6fcf51d16262b513!2sTannenweg%2C+21739+Dollern!5e0!3m2!1sde!2sde!4v1457610764512\" width=\"600\" height=\"450\" frameborder=\"0\" allowfullscreen=\"allowfullscreen\"><\/iframe><\/p>\n","protected":false},"excerpt":{"rendered":"<p>Grundschulaktionstag 2018-Informationen zu Trainingszeiten Nach 2016 beteiligen sich auch in diesem Jahr \u00fcber 200 nieders\u00e4chsische Grundschulen mit 18 000 Sch\u00fclerinnen am \u201eTag des Jugendhandballs\u201c. Der Handball-Verband Niedersachsen hat gemeinsam mit&#8230;<\/p>\n","protected":false},"author":1,"featured_media":2976,"comment_status":"closed","ping_status":"closed","sticky":false,"template":"","format":"standard","meta":{"footnotes":""},"categories":[47,48,59,52,46],"tags":[58],"yoast_head":"<!-- This site is optimized with the Yoast SEO plugin v22.9 - https:\/\/yoast.com\/wordpress\/plugins\/seo\/ -->\n<title>Handball-Grundschulaktionstag: Informationen zu Trainingszeiten - Dollerner Sport-Club e.V.<\/title>\n<meta name=\"robots\" content=\"index, follow, max-snippet:-1, max-image-preview:large, max-video-preview:-1\" \/>\n<link rel=\"canonical\" href=\"https:\/\/dollernersc.de\/?p=2975\" \/>\n<meta property=\"og:locale\" content=\"de_DE\" \/>\n<meta property=\"og:type\" content=\"article\" \/>\n<meta property=\"og:title\" content=\"Handball-Grundschulaktionstag: Informationen zu Trainingszeiten - Dollerner Sport-Club e.V.\" \/>\n<meta property=\"og:description\" content=\"Grundschulaktionstag 2018-Informationen zu Trainingszeiten Nach 2016 beteiligen sich auch in diesem Jahr \u00fcber 200 nieders\u00e4chsische Grundschulen mit 18 000 Sch\u00fclerinnen am \u201eTag des Jugendhandballs\u201c. Der Handball-Verband Niedersachsen hat gemeinsam mit...\" \/>\n<meta property=\"og:url\" content=\"https:\/\/dollernersc.de\/?p=2975\" \/>\n<meta property=\"og:site_name\" content=\"Dollerner Sport-Club e.V.\" \/>\n<meta property=\"article:published_time\" content=\"2018-01-28T22:30:13+00:00\" \/>\n<meta property=\"article:modified_time\" content=\"2020-06-20T13:40:29+00:00\" \/>\n<meta name=\"author\" content=\"Dollerner SC\" \/>\n<meta name=\"twitter:card\" content=\"summary_large_image\" \/>\n<meta name=\"twitter:label1\" content=\"Verfasst von\" \/>\n\t<meta name=\"twitter:data1\" content=\"Dollerner SC\" \/>\n\t<meta name=\"twitter:label2\" content=\"Gesch\u00e4tzte Lesezeit\" \/>\n\t<meta name=\"twitter:data2\" content=\"1\u00a0Minute\" \/>\n<script type=\"application\/ld+json\" class=\"yoast-schema-graph\">{\"@context\":\"https:\/\/schema.org\",\"@graph\":[{\"@type\":\"WebPage\",\"@id\":\"https:\/\/dollernersc.de\/?p=2975\",\"url\":\"https:\/\/dollernersc.de\/?p=2975\",\"name\":\"Handball-Grundschulaktionstag: Informationen zu Trainingszeiten - Dollerner Sport-Club e.V.\",\"isPartOf\":{\"@id\":\"https:\/\/dollernersc.de\/#website\"},\"primaryImageOfPage\":{\"@id\":\"https:\/\/dollernersc.de\/?p=2975#primaryimage\"},\"image\":{\"@id\":\"https:\/\/dollernersc.de\/?p=2975#primaryimage\"},\"thumbnailUrl\":\"\",\"datePublished\":\"2018-01-28T22:30:13+00:00\",\"dateModified\":\"2020-06-20T13:40:29+00:00\",\"author\":{\"@id\":\"https:\/\/dollernersc.de\/#\/schema\/person\/7536dc7365c03c404c28b6d007ae097e\"},\"breadcrumb\":{\"@id\":\"https:\/\/dollernersc.de\/?p=2975#breadcrumb\"},\"inLanguage\":\"de\",\"potentialAction\":[{\"@type\":\"ReadAction\",\"target\":[\"https:\/\/dollernersc.de\/?p=2975\"]}]},{\"@type\":\"ImageObject\",\"inLanguage\":\"de\",\"@id\":\"https:\/\/dollernersc.de\/?p=2975#primaryimage\",\"url\":\"\",\"contentUrl\":\"\"},{\"@type\":\"BreadcrumbList\",\"@id\":\"https:\/\/dollernersc.de\/?p=2975#breadcrumb\",\"itemListElement\":[{\"@type\":\"ListItem\",\"position\":1,\"name\":\"Startseite\",\"item\":\"https:\/\/dollernersc.de\/\"},{\"@type\":\"ListItem\",\"position\":2,\"name\":\"Handball-Grundschulaktionstag: Informationen zu Trainingszeiten\"}]},{\"@type\":\"WebSite\",\"@id\":\"https:\/\/dollernersc.de\/#website\",\"url\":\"https:\/\/dollernersc.de\/\",\"name\":\"Dollerner Sport-Club e.V.\",\"description\":\"\",\"potentialAction\":[{\"@type\":\"SearchAction\",\"target\":{\"@type\":\"EntryPoint\",\"urlTemplate\":\"https:\/\/dollernersc.de\/?s={search_term_string}\"},\"query-input\":\"required name=search_term_string\"}],\"inLanguage\":\"de\"},{\"@type\":\"Person\",\"@id\":\"https:\/\/dollernersc.de\/#\/schema\/person\/7536dc7365c03c404c28b6d007ae097e\",\"name\":\"Dollerner SC\",\"image\":{\"@type\":\"ImageObject\",\"inLanguage\":\"de\",\"@id\":\"https:\/\/dollernersc.de\/#\/schema\/person\/image\/\",\"url\":\"https:\/\/secure.gravatar.com\/avatar\/cc3b6265e4a748b324092868a60258b9?s=96&d=mm&r=g\",\"contentUrl\":\"https:\/\/secure.gravatar.com\/avatar\/cc3b6265e4a748b324092868a60258b9?s=96&d=mm&r=g\",\"caption\":\"Dollerner SC\"},\"url\":\"https:\/\/dollernersc.de\/?author=1\"}]}<\/script>\n<!-- \/ Yoast SEO plugin. -->","yoast_head_json":{"title":"Handball-Grundschulaktionstag: Informationen zu Trainingszeiten - Dollerner Sport-Club e.V.","robots":{"index":"index","follow":"follow","max-snippet":"max-snippet:-1","max-image-preview":"max-image-preview:large","max-video-preview":"max-video-preview:-1"},"canonical":"https:\/\/dollernersc.de\/?p=2975","og_locale":"de_DE","og_type":"article","og_title":"Handball-Grundschulaktionstag: Informationen zu Trainingszeiten - Dollerner Sport-Club e.V.","og_description":"Grundschulaktionstag 2018-Informationen zu Trainingszeiten Nach 2016 beteiligen sich auch in diesem Jahr \u00fcber 200 nieders\u00e4chsische Grundschulen mit 18 000 Sch\u00fclerinnen am \u201eTag des Jugendhandballs\u201c. Der Handball-Verband Niedersachsen hat gemeinsam mit...","og_url":"https:\/\/dollernersc.de\/?p=2975","og_site_name":"Dollerner Sport-Club e.V.","article_published_time":"2018-01-28T22:30:13+00:00","article_modified_time":"2020-06-20T13:40:29+00:00","author":"Dollerner SC","twitter_card":"summary_large_image","twitter_misc":{"Verfasst von":"Dollerner SC","Gesch\u00e4tzte Lesezeit":"1\u00a0Minute"},"schema":{"@context":"https:\/\/schema.org","@graph":[{"@type":"WebPage","@id":"https:\/\/dollernersc.de\/?p=2975","url":"https:\/\/dollernersc.de\/?p=2975","name":"Handball-Grundschulaktionstag: Informationen zu Trainingszeiten - Dollerner Sport-Club e.V.","isPartOf":{"@id":"https:\/\/dollernersc.de\/#website"},"primaryImageOfPage":{"@id":"https:\/\/dollernersc.de\/?p=2975#primaryimage"},"image":{"@id":"https:\/\/dollernersc.de\/?p=2975#primaryimage"},"thumbnailUrl":"","datePublished":"2018-01-28T22:30:13+00:00","dateModified":"2020-06-20T13:40:29+00:00","author":{"@id":"https:\/\/dollernersc.de\/#\/schema\/person\/7536dc7365c03c404c28b6d007ae097e"},"breadcrumb":{"@id":"https:\/\/dollernersc.de\/?p=2975#breadcrumb"},"inLanguage":"de","potentialAction":[{"@type":"ReadAction","target":["https:\/\/dollernersc.de\/?p=2975"]}]},{"@type":"ImageObject","inLanguage":"de","@id":"https:\/\/dollernersc.de\/?p=2975#primaryimage","url":"","contentUrl":""},{"@type":"BreadcrumbList","@id":"https:\/\/dollernersc.de\/?p=2975#breadcrumb","itemListElement":[{"@type":"ListItem","position":1,"name":"Startseite","item":"https:\/\/dollernersc.de\/"},{"@type":"ListItem","position":2,"name":"Handball-Grundschulaktionstag: Informationen zu Trainingszeiten"}]},{"@type":"WebSite","@id":"https:\/\/dollernersc.de\/#website","url":"https:\/\/dollernersc.de\/","name":"Dollerner Sport-Club e.V.","description":"","potentialAction":[{"@type":"SearchAction","target":{"@type":"EntryPoint","urlTemplate":"https:\/\/dollernersc.de\/?s={search_term_string}"},"query-input":"required name=search_term_string"}],"inLanguage":"de"},{"@type":"Person","@id":"https:\/\/dollernersc.de\/#\/schema\/person\/7536dc7365c03c404c28b6d007ae097e","name":"Dollerner SC","image":{"@type":"ImageObject","inLanguage":"de","@id":"https:\/\/dollernersc.de\/#\/schema\/person\/image\/","url":"https:\/\/secure.gravatar.com\/avatar\/cc3b6265e4a748b324092868a60258b9?s=96&d=mm&r=g","contentUrl":"https:\/\/secure.gravatar.com\/avatar\/cc3b6265e4a748b324092868a60258b9?s=96&d=mm&r=g","caption":"Dollerner SC"},"url":"https:\/\/dollernersc.de\/?author=1"}]}},"_links":{"self":[{"href":"https:\/\/dollernersc.de\/index.php?rest_route=\/wp\/v2\/posts\/2975"}],"collection":[{"href":"https:\/\/dollernersc.de\/index.php?rest_route=\/wp\/v2\/posts"}],"about":[{"href":"https:\/\/dollernersc.de\/index.php?rest_route=\/wp\/v2\/types\/post"}],"author":[{"embeddable":true,"href":"https:\/\/dollernersc.de\/index.php?rest_route=\/wp\/v2\/users\/1"}],"replies":[{"embeddable":true,"href":"https:\/\/dollernersc.de\/index.php?rest_route=%2Fwp%2Fv2%2Fcomments&post=2975"}],"version-history":[{"count":1,"href":"https:\/\/dollernersc.de\/index.php?rest_route=\/wp\/v2\/posts\/2975\/revisions"}],"predecessor-version":[{"id":5135,"href":"https:\/\/dollernersc.de\/index.php?rest_route=\/wp\/v2\/posts\/2975\/revisions\/5135"}],"wp:featuredmedia":[{"embeddable":true,"href":"https:\/\/dollernersc.de\/index.php?rest_route=\/"}],"wp:attachment":[{"href":"https:\/\/dollernersc.de\/index.php?rest_route=%2Fwp%2Fv2%2Fmedia&parent=2975"}],"wp:term":[{"taxonomy":"category","embeddable":true,"href":"https:\/\/dollernersc.de\/index.php?rest_route=%2Fwp%2Fv2%2Fcategories&post=2975"},{"taxonomy":"post_tag","embeddable":true,"href":"https:\/\/dollernersc.de\/index.php?rest_route=%2Fwp%2Fv2%2Ftags&post=2975"}],"curies":[{"name":"wp","href":"https:\/\/api.w.org\/{rel}","templated":true}]}}