{"id":2450,"date":"2017-03-05T20:45:26","date_gmt":"2017-03-05T19:45:26","guid":{"rendered":"http:\/\/ferienwohnungen-dollern.de\/?p=2450"},"modified":"2017-03-05T20:45:26","modified_gmt":"2017-03-05T19:45:26","slug":"sascha-stange-neuer-1-vorsitzender-nachbericht-mit-interview-von-der-jhv","status":"publish","type":"post","link":"https:\/\/dollernersc.de\/?p=2450","title":{"rendered":"Sascha Stange neuer 1. Vorsitzender &#8211; Nachbericht mit Interview von der JHV"},"content":{"rendered":"<p><strong>Sascha Stange als neuer 1. Vorsitzender gew\u00e4hlt \u2013 Inhaltlich starke und zukunftsrelevante Jahreshauptversammlung des Dollerner SC fand am Freitag im B\u00fcrgerhaus in Dollern statt<\/strong><\/p>\n<p>Am vergangenen Freitag, den 03.03.2017, fand die j\u00e4hrliche Jahreshauptversammlung des gr\u00f6\u00dften Dollerner Vereines, dem Dollerner SC, im B\u00fcrgerhaus in Dollern statt. Neben den zahlreich erschienenen Mitgliedern des Vereins, folgte auch B\u00fcrgermeister Ehlers als politischer Vertreter der Einladung des Vereins und nahm als Gast an der Versammlung ab 20 Uhr teil.<\/p>\n<p>An diesem Abend standen viele wichtige Punkte auf der Tagesordnung. Neben der Neuwahl des 1.Vorsitzenden, des Gesch\u00e4ftsf\u00fchrers, Schrift- und Pressewartes, Jugendwarts und des Kassenpr\u00fcfers, wurde von den Abteilungsleitern u.a. berichtet, dass die positive und stark wachsende Entwicklung vieler Abteilungen im Verein sich weiter fortsetzen konnte. Aus dem Bericht \u00fcber die Rechnungslegung f\u00fcr das Jahr 2016 ging hervor, dass der Dollerner SC sich nach wie vor auf einem wirtschaftlich sehr gesunden Fundament bewegt, das auch im Sinne der Mitglieder durch einen sehr verantwortungsbewussten und vern\u00fcnftigen Umgang mit den Finanzen in den vergangenen Jahren erwirtschaftet wurde. Nichtsdestotrotz berichtete der Vorstand im Laufe des Abends aber auch \u00fcber wenig erfreuliche Themen, wie z.B. der gescheiterte Versuch die Halle im Sinne der Dollerner zahlreichen B\u00fcrger, knapp 500 Mitglieder und  ausw\u00e4rtigen Besuchern effizient umzubauen oder die K\u00fcrzung von Hallenstunden durch die Samtgemeinde und die daraus resultierenden Schwierigkeiten zur weiteren anhaltenden Weiterentwicklung des Vereins.<\/p>\n<p>&nbsp;<\/p>\n<p style=\"text-align: center;\"><a href=\"https:\/\/dollernersc.de\/wp-content\/uploads\/2017\/03\/K1600_P1000636.jpg\"><img loading=\"lazy\" decoding=\"async\" class=\" wp-image-2438 aligncenter\" src=\"https:\/\/dollernersc.de\/wp-content\/uploads\/2017\/03\/K1600_P1000636-300x169.jpg\" alt=\"\" width=\"495\" height=\"279\" \/><\/a>Herbert Trucewitz (links) \u00fcbergibt sein Amt an den neuen 1.Vorsitzenden Sascha Stange (rechts)<\/p>\n<p>&nbsp;<\/p>\n<p><strong>Herbert Trucewitz \u00fcbergibt langj\u00e4hriges Amt des Vorsitzenden an Sascha Stange<\/strong> \u2013 Die Wahl des 1. Vorsitzenden war eines der wichtigsten Themen auf der Tagesordnung an diesem Abend. Herbert Trucewitz, Gr\u00fcndungsmitglied vom 4. Juni 1982 als der Verein von zw\u00f6lf Dollerner gegr\u00fcndet wurde, war bisheriger 1. Vorsitzender. Herbert f\u00fcllte dies Amt bis dato mit viel Leidenschaft und Herzblut f\u00fcr seine Mitglieder und den Verein aus und war neben seiner bisherigen Amtszeit von 2011 bis heute auch schon Vorsitzender von der Gr\u00fcndung 1982 an bis zum Jahr 1993. Nun sollte aber ein \u2013 auch ihm gewollter Umbruch &#8211; her und dieses Jahr wurde dann auch endlich ein passender Kandidat gefunden, dem man das Amt von Herbert nach dieser langen Zeit in verl\u00e4ssliche H\u00e4nde weitergeben kann. Nach einstimmiger Wahl durch die Mitglieder wurde n\u00e4mlich Sascha Stange zum neuen 1. Vorsitzenden des Dollerner SC gew\u00e4hlt. Herzlichen Gl\u00fcckwunsch, Sascha! Des weiteren wurde Herbert f\u00fcr 2 Jahre als Gesch\u00e4ftsf\u00fchrer wiedergew\u00e4hlt, Sandra Czychi als Schrift- und Pressewartin best\u00e4tigt, Christoph Wichern als neuer Jugendwart gew\u00e4hlt und Leah Tiedemann als Kassenpr\u00fcfern ausgew\u00e4hlt.<\/p>\n<p>&nbsp;<\/p>\n<p><strong>Der Dollerner SC w\u00e4chst weiter \u2013 steigende Mitgliederentwicklung h\u00e4lt an \u2013<\/strong> \u201eDie Gruppenst\u00e4rken wachsen\u201c, dies war eine ganz zentrale Aussage, die man von den Abteilungsleitern in ihren Berichten heraush\u00f6ren konnte. Neben dem Neuaufbau der Mannschaften durch Renka Bierschwall und Christian Leue beim Jugendfu\u00dfball im DSC &#8211; nach der Aufl\u00f6sung der Spielgemeinschaft seitens des SV Agathenburg &#8211; stellten auch Uta Frohb\u00f6se und Christoph Wichern in ihren Berichten zum Kinder-Turnen und Jugendhandball diese stark-wachsende Entwicklung der Kinder und Jugendliche im Verein fest. Nicht nur beim Eltern-Kind-Turnen wird zwangsl\u00e4ufig aufgrund der wachsenden Gruppenst\u00e4rke \u00fcber eine zweite \u00dcbungsgruppe nachgedacht werden, auch beim Jugendhandball wurden 3 Mannschaften allein in dieser Saison neu in den Spielbetrieb geschickt. Diese Entwicklung bei den Kindern und Jugendlichen findet sich auch mit Hilfe der vielen und beliebten Angebote f\u00fcr die Erwachsenden beim Fu\u00dfball, Handball, Gymnastik und Co. in unseren Mitgliederzahlen wieder, denn der Dollerner SC ist in den letzten 2 Jahren von 421 Mitglieder auf knapp 500 Mitglieder dieses Jahr angewachsen.<\/p>\n<p>&nbsp;<\/p>\n<p><strong>Unbefriedigende Sportst\u00e4ttenproblematik behindert Entwicklung des Vereins \u2013 <\/strong>In dem Bericht des Vorstands sollte noch explizit auf das Problem der Sportst\u00e4ttenproblematik eingegangen werden \u2013 jedoch war dies auch schon Thema bei den Abteilungsleitern vorher. So wurde zum Beispiel von unser Leiterin des Kinder-Turnens berichtet, dass ihre \u00dcbungsstunde vom Eltern-Kind-Turnen sehr stark angewachsen ist und es notwendig w\u00e4re eine zweite Gruppe ins Leben zu rufen, sie jedoch aufgrund des vollen Hallenstundenplans nicht wisse, wie man dies umsetzen k\u00f6nnte. Zu dieser Problematik noch erschwerend dazu wurden am Donnerstag-Nachmittag\/Abend, an dem die Kinder-Ger\u00e4te-Turnstunden stattfinden Ende 2016 durch die Samtgemeinde auch noch eigentliche DSC-Stunden an den Sportverein aus Agathenburg verteilt, sodass die nachfolgende Sportgruppe vom SV Agathenburg neben Dienstagshallenstunden im Nachbarort nun noch eine weitere zus\u00e4tzliche zweite Hallenstunde in Dollern nutzen kann. Unsere schon jetzt volle Kinder-Turngruppe \u2013 aus dem eigenen Dorf- jedoch muss sich nun ihre nur 60-min\u00fctige \u00dcbungsstunde in der Woche auch noch zus\u00e4tzlich mit den DSC-Jugendhandballern, die ebenfalls ein Hallendach einmal die Woche \u00fcber dem Kopf ben\u00f6tigen, am Nachmittag auf einer Hallenh\u00e4lfte teilen. Dieser Problematik nahm sich der DSC-Vorstand nach der unerwarteten Umverteilung eigentlichen, schriftlich belegbaren DSC-Sportstunden, die im Zuge der nicht-mehr existierenden Jugendfu\u00dfballspielgemeinschaft mit dem Agathenburger Verein damals seitens des Dollerner SC zur Verf\u00fcgung gestellt worden, in den vergangenen Monaten auch an und nahm den schriftlichen Kontakt mit unserem B\u00fcrgermeister Ehlers (SPD) und allen Ratsmitgliedern aus Dollern auf, um auf diesen Missstand hinzuweisen und den Wunsch sich f\u00fcr den eigenen Dollerner Sportverein stark zu machen. Es kam daraufhin zu einem Gespr\u00e4ch mit den Vertretern, das aber ohne wesentlichen Erfolg blieb. Das Problem jedoch besteht weiter und steht der Entwicklung des Dollerner SC ma\u00dfgeblich im Weg, wie man der der Mitgliederversammlung inhaltlich entnehmen konnte.<\/p>\n<p>&nbsp;<\/p>\n<hr \/>\n<p><strong><u>Interview mit dem neuen 1. Vorsitzenden Sascha Stange<\/u><\/strong><\/p>\n<p><strong>Hallo Sascha, du wurdest am Freitag auf der Jahreshauptversammlung einstimmig von den Mitgliedern als neuer 1. Vorsitzender des Dollerner SC gew\u00e4hlt. Wie f\u00fchlst du dich?<\/strong><\/p>\n<p><em>Ich freue mich \u00fcber das Vertrauen unserer Mitglieder in meine Person. Vorstandsarbeit ist eine ehrenamtliche T\u00e4tigkeit mit vielen spannenden Herausforderungen und Verantwortung im Verein, bei der man auch mal aneckt und Entt\u00e4uschungen wegstecken muss. Viel wichtiger ist allerdings das Wohl aller im Verein und dem wollen wir nat\u00fcrlich im Rahmen unserer M\u00f6glichkeiten gerecht werden.<\/em><\/p>\n<p><strong>Der DSC hat momentan circa 500 Mitglieder und ist der gr\u00f6\u00dfte Verein in Dollern. Du selber kommst urspr\u00fcnglich aus Stade und bist selber schon seit circa 10 Jahren Mitglied. Welches Sportangebot hat dich damals nach Dollern zum DSC gezogen<\/strong>?<\/p>\n<p><em>F\u00fcr mich war es der Handball. Im Alter von 18 Jahren habe ich in Stade mit dem Handball angefangen und hatte sofort Spa\u00df. Leider war die Entwicklung des Herrenbereichs in Stade Anfang der 2000er r\u00fcckl\u00e4ufig und schlie\u00dflich wurde ich vom damaligen Dollerner Trainer angesprochen nach Dollern zu kommen. Seitdem bin ich mit dem Trikot des DSC in den Hallen unterwegs.<\/em><\/p>\n<p><strong>Neben deinem ehrenamtlichen Trainerengagement als Jugend- und Seniorentrainer beim Handball warst du auch schon einige Jahre aktiv in der Vorstandsarbeit als Handball-Abteilungsleiter und zuletzt als 2.Vorsitzender dabei. Was macht f\u00fcr dich den Dollerner SC aus und was fasziniert dich an dem Verein?<\/strong><\/p>\n<p><em>Bei uns im Verein wird viel Wert auf ein gutes Miteinander gelegt. Jeder steuert seinen Beitrag zu einer erfolgreichen Vereinsarbeit bei. Vertrauen, Hilfsbereitschaft und ein harmonisches Umfeld sind definitiv die St\u00e4rken unseres Vereins. Die Aufgaben werden auf viele Schultern verteilt, was uns die Vorstandsarbeit erleichtert.<\/em><\/p>\n<p><strong>Du hast erz\u00e4hlt, dass dich der Handball nach Dollern gezogen hat. Neben der Handball-Abteilung bietet der DSC noch viele andere Sportangebote wie z.B. Fu\u00dfball, das Kinder-Turnen und Step-Aerobic an. Wie wichtig ist dieses breite Sportangebot, dass durch den Verein ehrenamtlich auf die Beine gestellt wird, f\u00fcr die Gemeinde Dollern?<\/strong><\/p>\n<p><em>Wir m\u00f6chten nat\u00fcrlich jedem in unserer Gemeinde die M\u00f6glichkeit geben im DSC Sport machen zu k\u00f6nnen. Das beginnt bereits mit unseren Kindern beim Eltern-Kind-Turnen und soll auch noch im fortgeschrittenen Alter m\u00f6glich sein. Alle Mitglieder werden bei uns im DSC durch qualifizierte \u00dcbungsleiter gef\u00f6rdert. Die Kinder bekommen dabei einen Ausgleich zum t\u00e4glichen Schulstress und lernen in der Gemeinschaft einem gemeinsamen Hobby nachzugehen, soziales Verhalten in der Gruppe und Respekt untereinander.<\/em><\/p>\n<p><strong>Die Gemeinde Agathenburg wird in naher Zukunft eine neue Sporthalle im Ortskern bauen. Im Jahr 2012 wurden auch fertige Pl\u00e4ne f\u00fcr einen Hallenumbau der engen, alten Mehrzweckhalle in Dollern erstellt, die dann aber leider nie die endg\u00fcltige Zustimmung aus der Politik bekommen haben. Kannst du dir vorstellen, dass nun nach dem Neu- und Umbau der Grundschule und des Kindergartens die Priorit\u00e4t eines Umbaus der Halle auf der gemeindepolitischen Agenda in den n\u00e4chsten Jahren wieder ganz nach oben r\u00fccken k\u00f6nnte und der Umbau wom\u00f6glich in einem zweiten Anlauf doch noch umgesetzt wird?<\/strong><\/p>\n<p><em>F\u00fcr uns ist das Thema zun\u00e4chst erstmal vom Tisch. Der Umbau der Schule und des Kindergartens war bereits 2015 bekannt. Scheinbar spielte der Trib\u00fcnenbau trotzdem keine Rolle mit der Weitsicht auch schulische Veranstaltung in der Halle umsetzen zu k\u00f6nnen. Wir sehen nun unsere Gemeinde am Zug die Entscheidung zu \u00fcberdenken und neu zu planen, w\u00e4ren gemeinsamen Gespr\u00e4chen auch nicht abgeneigt.<\/em> Nach wie vor sind wir n\u00e4mlich von der Idee einer Trib\u00fcne \u00fcberzeugt. F\u00fcr die Zuschauer sind die Pfeiler ein gro\u00dfes \u00c4rgernis. Mal sehen, ob in unserer Gemeinde ein Umdenken stattfinden wird.<\/p>\n<p><strong>Das n\u00e4chste Neubaugebiet steht vor der Erschlie\u00dfung und die \u00dcbungsstunden f\u00fcr die Kinder im DSC beim Eltern-Kind-Turnen sowie dem Jugend-Handball und anderen \u00dcbungsstunden sind sehr stark nachgefragt und teilweise schon stark \u00fcberlaufen. Auf der anderen Seite aber werden durch die Politik die Hallenstunden der Mehrzweckhalle in Dollern an Vereine aus dem Nachbarort verteilt, sodass der DSC der stark wachsenden Entwicklung der eigenen Jugendlichen aus Dollern durch die wachsenden Gruppenst\u00e4rken schon jetzt nicht mehr nachkommen kann. Die Politiker aus dem eigenen Ort wahren aus unser Vereinssicht zu stark die Interessen von dem Nachbarortsverein aus Agathenburg und verhindern somit die nachhaltige, stark wachsende Entwicklung des eigenen ortsans\u00e4ssigen Sportvereins in Dollern \u2013 dem DSC. Wie gro\u00df siehst du diese Problematik als Vorstandsmitglied und ebenfalls Jugendtrainer, dass man den nachwachsenden Jahrg\u00e4ngen in Dollern im eigenen Dorf bald keine altersgerechte sportliche Heimat in der Mehrzweckhalle mehr ad\u00e4quat anbieten kann?<\/strong><\/p>\n<p><em>Das ist leider ein sehr gro\u00dfes Problem und entspricht nicht unserem beschriebenen Anspruch allen Leuten eine Sportm\u00f6glichkeit anbieten zu k\u00f6nnen. Gerade gegen\u00fcber den Kindern finde ich es fahrl\u00e4ssig keine Perspektive aufzeigen zu k\u00f6nnen. Hier sind wir bereits mit der Gemeinde im Gespr\u00e4ch gewesen, leider ohne Erfolg. Das ersch\u00fctternde an der Stelle war allerdings das fehlende Verst\u00e4ndnis und die Bereitschaft eine L\u00f6sung in den Gespr\u00e4chsrunden seitens der obersten Vertreter aus der Politik zu finden. Da haben wir uns von den eigenen Volksvertretern mehr Unterst\u00fctzung f\u00fcr den ortsans\u00e4ssigen Verein gew\u00fcnscht und ehrlich gesagt auch erwartet. Nun m\u00fcssen wir abwarten und schauen, wie man dem Problem weiter entgegenwirken kann.  <\/em><\/p>\n<p><strong>Herbert Trucewitz ist Gr\u00fcndungsmitglied des Dollerner SC und war jetzt bereits in seiner zweiten Amtszeit lange 1.Vorsitzender. Vielen Dank an dieser Stelle an dich, Herbert! Du wirst ihn nun abl\u00f6sen. Welche Tugenden von ihm in der Vereinsarbeit haben dir am meisten gefallen und welche m\u00f6chtest du in Zukunft weiter von dir in den Verein einbringen?<\/strong><\/p>\n<p><em>Herbert hat den Verein sehr akribisch und gewissenhaft in der Funktion des 1.Vorsitzenden und gleichzeitig Gesch\u00e4ftsf\u00fchrers ausgef\u00fchrt. Als Gesch\u00e4ftsf\u00fchrer bleibt er uns zum Gl\u00fcck erhalten. Jeder, der die Aufgaben dieser beiden wichtigen Funktionen im Verein kennt, wei\u00df, dass es viel Energie und Zeit kostet die Vereinsarbeit nicht nur am Laufen zu halten, sondern auch einen Fortschritt zu erzielen. Jetzt werden wir uns erst einmal in der ver\u00e4nderten Vorstandsmannschaft finden und gemeinsam einen Weg f\u00fcr die Zukunft suchen. <\/em><\/p>\n<p><strong>Der Vorstand wurde durch die aktuellen Wahlen deutlich verj\u00fcngt und teilweise neu aufgestellt. Was erhoffst du dir in der Zukunft mit deinem Vorstandsteam f\u00fcr die Zukunft des Dollerner SC?<\/strong><\/p>\n<p style=\"text-align: left;\"><em>Personelle Ver\u00e4nderungen bringen neuen Schwung und Ideen mit sich. Genau das wollen wir uns zu Nutze machen. Wir m\u00fcssen uns den Aufgaben der Zukunft stellen und diese werde ich mit meinen Vorstandskollegen auch zielgerichtet angehen. Dazu brauchen wir nicht nur den Vorstand, sondern auch unsere Mitglieder. Jeder kann und soll sich im Rahmen seiner pers\u00f6nlichen St\u00e4rken einbringen k\u00f6nnen, denn gemeinsam kann man viel mehr bewegen als ein Einzelner. Ich bin mir sicher, dass es uns zusammen gelingen wird den Verein weiterhin attraktiv als Anlaufpunkt f\u00fcr den Sport in Dollern zu gestalten.<\/em><\/p>\n<p style=\"text-align: right;\">Text&amp;Interview DSC Vorstand<\/p>\n","protected":false},"excerpt":{"rendered":"<p>Sascha Stange als neuer 1. Vorsitzender gew\u00e4hlt \u2013 Inhaltlich starke und zukunftsrelevante Jahreshauptversammlung des Dollerner SC fand am Freitag im B\u00fcrgerhaus in Dollern statt Am vergangenen Freitag, den 03.03.2017, fand&#8230;<\/p>\n","protected":false},"author":1,"featured_media":2438,"comment_status":"closed","ping_status":"closed","sticky":false,"template":"","format":"standard","meta":{"footnotes":""},"categories":[46],"tags":[],"yoast_head":"<!-- This site is optimized with the Yoast SEO plugin v22.9 - https:\/\/yoast.com\/wordpress\/plugins\/seo\/ -->\n<title>Sascha Stange neuer 1. Vorsitzender - Nachbericht mit Interview von der JHV - Dollerner Sport-Club e.V.<\/title>\n<meta name=\"robots\" content=\"index, follow, max-snippet:-1, max-image-preview:large, max-video-preview:-1\" \/>\n<link rel=\"canonical\" href=\"https:\/\/dollernersc.de\/?p=2450\" \/>\n<meta property=\"og:locale\" content=\"de_DE\" \/>\n<meta property=\"og:type\" content=\"article\" \/>\n<meta property=\"og:title\" content=\"Sascha Stange neuer 1. Vorsitzender - Nachbericht mit Interview von der JHV - Dollerner Sport-Club e.V.\" \/>\n<meta property=\"og:description\" content=\"Sascha Stange als neuer 1. Vorsitzender gew\u00e4hlt \u2013 Inhaltlich starke und zukunftsrelevante Jahreshauptversammlung des Dollerner SC fand am Freitag im B\u00fcrgerhaus in Dollern statt Am vergangenen Freitag, den 03.03.2017, fand...\" \/>\n<meta property=\"og:url\" content=\"https:\/\/dollernersc.de\/?p=2450\" \/>\n<meta property=\"og:site_name\" content=\"Dollerner Sport-Club e.V.\" \/>\n<meta property=\"article:published_time\" content=\"2017-03-05T19:45:26+00:00\" \/>\n<meta name=\"author\" content=\"Dollerner SC\" \/>\n<meta name=\"twitter:card\" content=\"summary_large_image\" \/>\n<meta name=\"twitter:label1\" content=\"Verfasst von\" \/>\n\t<meta name=\"twitter:data1\" content=\"Dollerner SC\" \/>\n\t<meta name=\"twitter:label2\" content=\"Gesch\u00e4tzte Lesezeit\" \/>\n\t<meta name=\"twitter:data2\" content=\"10\u00a0Minuten\" \/>\n<script type=\"application\/ld+json\" class=\"yoast-schema-graph\">{\"@context\":\"https:\/\/schema.org\",\"@graph\":[{\"@type\":\"WebPage\",\"@id\":\"https:\/\/dollernersc.de\/?p=2450\",\"url\":\"https:\/\/dollernersc.de\/?p=2450\",\"name\":\"Sascha Stange neuer 1. Vorsitzender - Nachbericht mit Interview von der JHV - Dollerner Sport-Club e.V.\",\"isPartOf\":{\"@id\":\"https:\/\/dollernersc.de\/#website\"},\"primaryImageOfPage\":{\"@id\":\"https:\/\/dollernersc.de\/?p=2450#primaryimage\"},\"image\":{\"@id\":\"https:\/\/dollernersc.de\/?p=2450#primaryimage\"},\"thumbnailUrl\":\"\",\"datePublished\":\"2017-03-05T19:45:26+00:00\",\"dateModified\":\"2017-03-05T19:45:26+00:00\",\"author\":{\"@id\":\"https:\/\/dollernersc.de\/#\/schema\/person\/7536dc7365c03c404c28b6d007ae097e\"},\"breadcrumb\":{\"@id\":\"https:\/\/dollernersc.de\/?p=2450#breadcrumb\"},\"inLanguage\":\"de\",\"potentialAction\":[{\"@type\":\"ReadAction\",\"target\":[\"https:\/\/dollernersc.de\/?p=2450\"]}]},{\"@type\":\"ImageObject\",\"inLanguage\":\"de\",\"@id\":\"https:\/\/dollernersc.de\/?p=2450#primaryimage\",\"url\":\"\",\"contentUrl\":\"\"},{\"@type\":\"BreadcrumbList\",\"@id\":\"https:\/\/dollernersc.de\/?p=2450#breadcrumb\",\"itemListElement\":[{\"@type\":\"ListItem\",\"position\":1,\"name\":\"Startseite\",\"item\":\"https:\/\/dollernersc.de\/\"},{\"@type\":\"ListItem\",\"position\":2,\"name\":\"Sascha Stange neuer 1. Vorsitzender &#8211; Nachbericht mit Interview von der JHV\"}]},{\"@type\":\"WebSite\",\"@id\":\"https:\/\/dollernersc.de\/#website\",\"url\":\"https:\/\/dollernersc.de\/\",\"name\":\"Dollerner Sport-Club e.V.\",\"description\":\"\",\"potentialAction\":[{\"@type\":\"SearchAction\",\"target\":{\"@type\":\"EntryPoint\",\"urlTemplate\":\"https:\/\/dollernersc.de\/?s={search_term_string}\"},\"query-input\":\"required name=search_term_string\"}],\"inLanguage\":\"de\"},{\"@type\":\"Person\",\"@id\":\"https:\/\/dollernersc.de\/#\/schema\/person\/7536dc7365c03c404c28b6d007ae097e\",\"name\":\"Dollerner SC\",\"image\":{\"@type\":\"ImageObject\",\"inLanguage\":\"de\",\"@id\":\"https:\/\/dollernersc.de\/#\/schema\/person\/image\/\",\"url\":\"https:\/\/secure.gravatar.com\/avatar\/cc3b6265e4a748b324092868a60258b9?s=96&d=mm&r=g\",\"contentUrl\":\"https:\/\/secure.gravatar.com\/avatar\/cc3b6265e4a748b324092868a60258b9?s=96&d=mm&r=g\",\"caption\":\"Dollerner SC\"},\"url\":\"https:\/\/dollernersc.de\/?author=1\"}]}<\/script>\n<!-- \/ Yoast SEO plugin. -->","yoast_head_json":{"title":"Sascha Stange neuer 1. Vorsitzender - Nachbericht mit Interview von der JHV - Dollerner Sport-Club e.V.","robots":{"index":"index","follow":"follow","max-snippet":"max-snippet:-1","max-image-preview":"max-image-preview:large","max-video-preview":"max-video-preview:-1"},"canonical":"https:\/\/dollernersc.de\/?p=2450","og_locale":"de_DE","og_type":"article","og_title":"Sascha Stange neuer 1. Vorsitzender - Nachbericht mit Interview von der JHV - Dollerner Sport-Club e.V.","og_description":"Sascha Stange als neuer 1. Vorsitzender gew\u00e4hlt \u2013 Inhaltlich starke und zukunftsrelevante Jahreshauptversammlung des Dollerner SC fand am Freitag im B\u00fcrgerhaus in Dollern statt Am vergangenen Freitag, den 03.03.2017, fand...","og_url":"https:\/\/dollernersc.de\/?p=2450","og_site_name":"Dollerner Sport-Club e.V.","article_published_time":"2017-03-05T19:45:26+00:00","author":"Dollerner SC","twitter_card":"summary_large_image","twitter_misc":{"Verfasst von":"Dollerner SC","Gesch\u00e4tzte Lesezeit":"10\u00a0Minuten"},"schema":{"@context":"https:\/\/schema.org","@graph":[{"@type":"WebPage","@id":"https:\/\/dollernersc.de\/?p=2450","url":"https:\/\/dollernersc.de\/?p=2450","name":"Sascha Stange neuer 1. Vorsitzender - Nachbericht mit Interview von der JHV - Dollerner Sport-Club e.V.","isPartOf":{"@id":"https:\/\/dollernersc.de\/#website"},"primaryImageOfPage":{"@id":"https:\/\/dollernersc.de\/?p=2450#primaryimage"},"image":{"@id":"https:\/\/dollernersc.de\/?p=2450#primaryimage"},"thumbnailUrl":"","datePublished":"2017-03-05T19:45:26+00:00","dateModified":"2017-03-05T19:45:26+00:00","author":{"@id":"https:\/\/dollernersc.de\/#\/schema\/person\/7536dc7365c03c404c28b6d007ae097e"},"breadcrumb":{"@id":"https:\/\/dollernersc.de\/?p=2450#breadcrumb"},"inLanguage":"de","potentialAction":[{"@type":"ReadAction","target":["https:\/\/dollernersc.de\/?p=2450"]}]},{"@type":"ImageObject","inLanguage":"de","@id":"https:\/\/dollernersc.de\/?p=2450#primaryimage","url":"","contentUrl":""},{"@type":"BreadcrumbList","@id":"https:\/\/dollernersc.de\/?p=2450#breadcrumb","itemListElement":[{"@type":"ListItem","position":1,"name":"Startseite","item":"https:\/\/dollernersc.de\/"},{"@type":"ListItem","position":2,"name":"Sascha Stange neuer 1. Vorsitzender &#8211; Nachbericht mit Interview von der JHV"}]},{"@type":"WebSite","@id":"https:\/\/dollernersc.de\/#website","url":"https:\/\/dollernersc.de\/","name":"Dollerner Sport-Club e.V.","description":"","potentialAction":[{"@type":"SearchAction","target":{"@type":"EntryPoint","urlTemplate":"https:\/\/dollernersc.de\/?s={search_term_string}"},"query-input":"required name=search_term_string"}],"inLanguage":"de"},{"@type":"Person","@id":"https:\/\/dollernersc.de\/#\/schema\/person\/7536dc7365c03c404c28b6d007ae097e","name":"Dollerner SC","image":{"@type":"ImageObject","inLanguage":"de","@id":"https:\/\/dollernersc.de\/#\/schema\/person\/image\/","url":"https:\/\/secure.gravatar.com\/avatar\/cc3b6265e4a748b324092868a60258b9?s=96&d=mm&r=g","contentUrl":"https:\/\/secure.gravatar.com\/avatar\/cc3b6265e4a748b324092868a60258b9?s=96&d=mm&r=g","caption":"Dollerner SC"},"url":"https:\/\/dollernersc.de\/?author=1"}]}},"_links":{"self":[{"href":"https:\/\/dollernersc.de\/index.php?rest_route=\/wp\/v2\/posts\/2450"}],"collection":[{"href":"https:\/\/dollernersc.de\/index.php?rest_route=\/wp\/v2\/posts"}],"about":[{"href":"https:\/\/dollernersc.de\/index.php?rest_route=\/wp\/v2\/types\/post"}],"author":[{"embeddable":true,"href":"https:\/\/dollernersc.de\/index.php?rest_route=\/wp\/v2\/users\/1"}],"replies":[{"embeddable":true,"href":"https:\/\/dollernersc.de\/index.php?rest_route=%2Fwp%2Fv2%2Fcomments&post=2450"}],"version-history":[{"count":0,"href":"https:\/\/dollernersc.de\/index.php?rest_route=\/wp\/v2\/posts\/2450\/revisions"}],"wp:featuredmedia":[{"embeddable":true,"href":"https:\/\/dollernersc.de\/index.php?rest_route=\/"}],"wp:attachment":[{"href":"https:\/\/dollernersc.de\/index.php?rest_route=%2Fwp%2Fv2%2Fmedia&parent=2450"}],"wp:term":[{"taxonomy":"category","embeddable":true,"href":"https:\/\/dollernersc.de\/index.php?rest_route=%2Fwp%2Fv2%2Fcategories&post=2450"},{"taxonomy":"post_tag","embeddable":true,"href":"https:\/\/dollernersc.de\/index.php?rest_route=%2Fwp%2Fv2%2Ftags&post=2450"}],"curies":[{"name":"wp","href":"https:\/\/api.w.org\/{rel}","templated":true}]}}