{"id":2427,"date":"2017-02-27T12:37:34","date_gmt":"2017-02-27T11:37:34","guid":{"rendered":"http:\/\/ferienwohnungen-dollern.de\/?p=2427"},"modified":"2017-02-27T12:37:34","modified_gmt":"2017-02-27T11:37:34","slug":"einladung-zur-jahreshauptversammlung-2017","status":"publish","type":"post","link":"https:\/\/dollernersc.de\/?p=2427","title":{"rendered":"Einladung zur Jahreshauptversammlung 2017"},"content":{"rendered":"<p><span class=\"_4n-j _3cht fsl\" data-testid=\"event-permalink-details\">Der Vorstand des DSC l\u00e4dt alle Mitglieder zur diesj\u00e4hrigen Jahreshauptversammlung am Freitag, 3. M\u00e4rz 2017 um 20 Uhr im B\u00fcrgerhaus &#8222;Tamckes Alter Gasthof&#8220; in Dollern ein.<\/p>\n<p><\/span><\/p>\n<p><a href=\"https:\/\/dollernersc.de\/wp-content\/uploads\/2017\/02\/EINLADUNG-01.jpg\"><img loading=\"lazy\" decoding=\"async\" class=\" wp-image-2429 aligncenter\" src=\"https:\/\/dollernersc.de\/wp-content\/uploads\/2017\/02\/EINLADUNG-01-212x300.jpg\" alt=\"\" width=\"566\" height=\"801\" \/><\/a><\/p>\n<p>&nbsp;<\/p>\n<p>&nbsp;<\/p>\n<div id=\"fb-root\"><\/div>\n<p><script>(function(d, s, id) {\n  var js, fjs = d.getElementsByTagName(s)[0];\n  if (d.getElementById(id)) return;\n  js = d.createElement(s); js.id = id;\n  js.src = \"\/\/connect.facebook.net\/de_DE\/sdk.js#xfbml=1&version=v2.8&appId=129259737474821\";\n  fjs.parentNode.insertBefore(js, fjs);\n}(document, 'script', 'facebook-jssdk'));<\/script><\/p>\n<div class=\"fb-page\" data-href=\"https:\/\/www.facebook.com\/Dollerner-SC-130739213686468\/\" data-tabs=\"events\" data-width=\"400\" data-height=\"600\" data-small-header=\"false\" data-adapt-container-width=\"true\" data-hide-cover=\"false\" data-show-facepile=\"true\">\n<blockquote cite=\"https:\/\/www.facebook.com\/Dollerner-SC-130739213686468\/\" class=\"fb-xfbml-parse-ignore\"><p><a href=\"https:\/\/www.facebook.com\/Dollerner-SC-130739213686468\/\">Dollerner SC<\/a><\/p><\/blockquote>\n<\/div>\n","protected":false},"excerpt":{"rendered":"<p>Der Vorstand des DSC l\u00e4dt alle Mitglieder zur diesj\u00e4hrigen Jahreshauptversammlung am Freitag, 3. M\u00e4rz 2017 um 20 Uhr im B\u00fcrgerhaus &#8222;Tamckes Alter Gasthof&#8220; in Dollern ein. &nbsp; &nbsp; Dollerner SC<\/p>\n","protected":false},"author":1,"featured_media":2431,"comment_status":"closed","ping_status":"closed","sticky":false,"template":"","format":"standard","meta":{"footnotes":""},"categories":[46],"tags":[],"yoast_head":"<!-- This site is optimized with the Yoast SEO plugin v22.9 - https:\/\/yoast.com\/wordpress\/plugins\/seo\/ -->\n<title>Einladung zur Jahreshauptversammlung 2017 - Dollerner Sport-Club e.V.<\/title>\n<meta name=\"robots\" content=\"index, follow, max-snippet:-1, max-image-preview:large, max-video-preview:-1\" \/>\n<link rel=\"canonical\" href=\"https:\/\/dollernersc.de\/?p=2427\" \/>\n<meta property=\"og:locale\" content=\"de_DE\" \/>\n<meta property=\"og:type\" content=\"article\" \/>\n<meta property=\"og:title\" content=\"Einladung zur Jahreshauptversammlung 2017 - Dollerner Sport-Club e.V.\" \/>\n<meta property=\"og:description\" content=\"Der Vorstand des DSC l\u00e4dt alle Mitglieder zur diesj\u00e4hrigen Jahreshauptversammlung am Freitag, 3. M\u00e4rz 2017 um 20 Uhr im B\u00fcrgerhaus &#8222;Tamckes Alter Gasthof&#8220; in Dollern ein. &nbsp; &nbsp; Dollerner SC\" \/>\n<meta property=\"og:url\" content=\"https:\/\/dollernersc.de\/?p=2427\" \/>\n<meta property=\"og:site_name\" content=\"Dollerner Sport-Club e.V.\" \/>\n<meta property=\"article:published_time\" content=\"2017-02-27T11:37:34+00:00\" \/>\n<meta name=\"author\" content=\"Dollerner SC\" \/>\n<meta name=\"twitter:card\" content=\"summary_large_image\" \/>\n<meta name=\"twitter:label1\" content=\"Verfasst von\" \/>\n\t<meta name=\"twitter:data1\" content=\"Dollerner SC\" \/>\n<script type=\"application\/ld+json\" class=\"yoast-schema-graph\">{\"@context\":\"https:\/\/schema.org\",\"@graph\":[{\"@type\":\"WebPage\",\"@id\":\"https:\/\/dollernersc.de\/?p=2427\",\"url\":\"https:\/\/dollernersc.de\/?p=2427\",\"name\":\"Einladung zur Jahreshauptversammlung 2017 - Dollerner Sport-Club e.V.\",\"isPartOf\":{\"@id\":\"https:\/\/dollernersc.de\/#website\"},\"primaryImageOfPage\":{\"@id\":\"https:\/\/dollernersc.de\/?p=2427#primaryimage\"},\"image\":{\"@id\":\"https:\/\/dollernersc.de\/?p=2427#primaryimage\"},\"thumbnailUrl\":\"\",\"datePublished\":\"2017-02-27T11:37:34+00:00\",\"dateModified\":\"2017-02-27T11:37:34+00:00\",\"author\":{\"@id\":\"https:\/\/dollernersc.de\/#\/schema\/person\/7536dc7365c03c404c28b6d007ae097e\"},\"breadcrumb\":{\"@id\":\"https:\/\/dollernersc.de\/?p=2427#breadcrumb\"},\"inLanguage\":\"de\",\"potentialAction\":[{\"@type\":\"ReadAction\",\"target\":[\"https:\/\/dollernersc.de\/?p=2427\"]}]},{\"@type\":\"ImageObject\",\"inLanguage\":\"de\",\"@id\":\"https:\/\/dollernersc.de\/?p=2427#primaryimage\",\"url\":\"\",\"contentUrl\":\"\"},{\"@type\":\"BreadcrumbList\",\"@id\":\"https:\/\/dollernersc.de\/?p=2427#breadcrumb\",\"itemListElement\":[{\"@type\":\"ListItem\",\"position\":1,\"name\":\"Startseite\",\"item\":\"https:\/\/dollernersc.de\/\"},{\"@type\":\"ListItem\",\"position\":2,\"name\":\"Einladung zur Jahreshauptversammlung 2017\"}]},{\"@type\":\"WebSite\",\"@id\":\"https:\/\/dollernersc.de\/#website\",\"url\":\"https:\/\/dollernersc.de\/\",\"name\":\"Dollerner Sport-Club e.V.\",\"description\":\"\",\"potentialAction\":[{\"@type\":\"SearchAction\",\"target\":{\"@type\":\"EntryPoint\",\"urlTemplate\":\"https:\/\/dollernersc.de\/?s={search_term_string}\"},\"query-input\":\"required name=search_term_string\"}],\"inLanguage\":\"de\"},{\"@type\":\"Person\",\"@id\":\"https:\/\/dollernersc.de\/#\/schema\/person\/7536dc7365c03c404c28b6d007ae097e\",\"name\":\"Dollerner SC\",\"image\":{\"@type\":\"ImageObject\",\"inLanguage\":\"de\",\"@id\":\"https:\/\/dollernersc.de\/#\/schema\/person\/image\/\",\"url\":\"https:\/\/secure.gravatar.com\/avatar\/cc3b6265e4a748b324092868a60258b9?s=96&d=mm&r=g\",\"contentUrl\":\"https:\/\/secure.gravatar.com\/avatar\/cc3b6265e4a748b324092868a60258b9?s=96&d=mm&r=g\",\"caption\":\"Dollerner SC\"},\"url\":\"https:\/\/dollernersc.de\/?author=1\"}]}<\/script>\n<!-- \/ Yoast SEO plugin. -->","yoast_head_json":{"title":"Einladung zur Jahreshauptversammlung 2017 - Dollerner Sport-Club e.V.","robots":{"index":"index","follow":"follow","max-snippet":"max-snippet:-1","max-image-preview":"max-image-preview:large","max-video-preview":"max-video-preview:-1"},"canonical":"https:\/\/dollernersc.de\/?p=2427","og_locale":"de_DE","og_type":"article","og_title":"Einladung zur Jahreshauptversammlung 2017 - Dollerner Sport-Club e.V.","og_description":"Der Vorstand des DSC l\u00e4dt alle Mitglieder zur diesj\u00e4hrigen Jahreshauptversammlung am Freitag, 3. M\u00e4rz 2017 um 20 Uhr im B\u00fcrgerhaus &#8222;Tamckes Alter Gasthof&#8220; in Dollern ein. &nbsp; &nbsp; Dollerner SC","og_url":"https:\/\/dollernersc.de\/?p=2427","og_site_name":"Dollerner Sport-Club e.V.","article_published_time":"2017-02-27T11:37:34+00:00","author":"Dollerner SC","twitter_card":"summary_large_image","twitter_misc":{"Verfasst von":"Dollerner SC"},"schema":{"@context":"https:\/\/schema.org","@graph":[{"@type":"WebPage","@id":"https:\/\/dollernersc.de\/?p=2427","url":"https:\/\/dollernersc.de\/?p=2427","name":"Einladung zur Jahreshauptversammlung 2017 - Dollerner Sport-Club e.V.","isPartOf":{"@id":"https:\/\/dollernersc.de\/#website"},"primaryImageOfPage":{"@id":"https:\/\/dollernersc.de\/?p=2427#primaryimage"},"image":{"@id":"https:\/\/dollernersc.de\/?p=2427#primaryimage"},"thumbnailUrl":"","datePublished":"2017-02-27T11:37:34+00:00","dateModified":"2017-02-27T11:37:34+00:00","author":{"@id":"https:\/\/dollernersc.de\/#\/schema\/person\/7536dc7365c03c404c28b6d007ae097e"},"breadcrumb":{"@id":"https:\/\/dollernersc.de\/?p=2427#breadcrumb"},"inLanguage":"de","potentialAction":[{"@type":"ReadAction","target":["https:\/\/dollernersc.de\/?p=2427"]}]},{"@type":"ImageObject","inLanguage":"de","@id":"https:\/\/dollernersc.de\/?p=2427#primaryimage","url":"","contentUrl":""},{"@type":"BreadcrumbList","@id":"https:\/\/dollernersc.de\/?p=2427#breadcrumb","itemListElement":[{"@type":"ListItem","position":1,"name":"Startseite","item":"https:\/\/dollernersc.de\/"},{"@type":"ListItem","position":2,"name":"Einladung zur Jahreshauptversammlung 2017"}]},{"@type":"WebSite","@id":"https:\/\/dollernersc.de\/#website","url":"https:\/\/dollernersc.de\/","name":"Dollerner Sport-Club e.V.","description":"","potentialAction":[{"@type":"SearchAction","target":{"@type":"EntryPoint","urlTemplate":"https:\/\/dollernersc.de\/?s={search_term_string}"},"query-input":"required name=search_term_string"}],"inLanguage":"de"},{"@type":"Person","@id":"https:\/\/dollernersc.de\/#\/schema\/person\/7536dc7365c03c404c28b6d007ae097e","name":"Dollerner SC","image":{"@type":"ImageObject","inLanguage":"de","@id":"https:\/\/dollernersc.de\/#\/schema\/person\/image\/","url":"https:\/\/secure.gravatar.com\/avatar\/cc3b6265e4a748b324092868a60258b9?s=96&d=mm&r=g","contentUrl":"https:\/\/secure.gravatar.com\/avatar\/cc3b6265e4a748b324092868a60258b9?s=96&d=mm&r=g","caption":"Dollerner SC"},"url":"https:\/\/dollernersc.de\/?author=1"}]}},"_links":{"self":[{"href":"https:\/\/dollernersc.de\/index.php?rest_route=\/wp\/v2\/posts\/2427"}],"collection":[{"href":"https:\/\/dollernersc.de\/index.php?rest_route=\/wp\/v2\/posts"}],"about":[{"href":"https:\/\/dollernersc.de\/index.php?rest_route=\/wp\/v2\/types\/post"}],"author":[{"embeddable":true,"href":"https:\/\/dollernersc.de\/index.php?rest_route=\/wp\/v2\/users\/1"}],"replies":[{"embeddable":true,"href":"https:\/\/dollernersc.de\/index.php?rest_route=%2Fwp%2Fv2%2Fcomments&post=2427"}],"version-history":[{"count":0,"href":"https:\/\/dollernersc.de\/index.php?rest_route=\/wp\/v2\/posts\/2427\/revisions"}],"wp:featuredmedia":[{"embeddable":true,"href":"https:\/\/dollernersc.de\/index.php?rest_route=\/"}],"wp:attachment":[{"href":"https:\/\/dollernersc.de\/index.php?rest_route=%2Fwp%2Fv2%2Fmedia&parent=2427"}],"wp:term":[{"taxonomy":"category","embeddable":true,"href":"https:\/\/dollernersc.de\/index.php?rest_route=%2Fwp%2Fv2%2Fcategories&post=2427"},{"taxonomy":"post_tag","embeddable":true,"href":"https:\/\/dollernersc.de\/index.php?rest_route=%2Fwp%2Fv2%2Ftags&post=2427"}],"curies":[{"name":"wp","href":"https:\/\/api.w.org\/{rel}","templated":true}]}}