{"id":2371,"date":"2017-02-17T18:31:28","date_gmt":"2017-02-17T17:31:28","guid":{"rendered":"http:\/\/ferienwohnungen-dollern.de\/?p=2371"},"modified":"2017-02-17T18:31:28","modified_gmt":"2017-02-17T17:31:28","slug":"dfb-mobil-war-da-einmal-trainiert-wie-profis","status":"publish","type":"post","link":"https:\/\/dollernersc.de\/?p=2371","title":{"rendered":"DFB-Mobil war da: Einmal trainiert wie Profis"},"content":{"rendered":"<h3><strong>DFB-Mobil war da: Einmal trainiert wie Profis<\/strong><\/h3>\n<p>Am Freitag Nachmittag war das Trainingsmobil vom Deutschen-Fu\u00dfball-Bund (DFB) bei uns zu Gast in Dollern. P\u00fcnktlich um 16 Uhr ging es auch schon &#8211; in der mit Jugendfu\u00dfballern vollbesetzten Halle &#8211; mit dem Training. Johanna und Lennart vom DFB leiteten die knapp 1,5 Stunden Trainingseinheit mit den Kids.<\/p>\n<p><a href=\"https:\/\/dollernersc.de\/wp-content\/uploads\/2017\/02\/K1600_P1000400.jpg\"><img loading=\"lazy\" decoding=\"async\" class=\" wp-image-2376 aligncenter\" src=\"https:\/\/dollernersc.de\/wp-content\/uploads\/2017\/02\/K1600_P1000400-300x169.jpg\" alt=\"\" width=\"433\" height=\"244\" \/><\/a><\/p>\n<p>Angefangen wurde mit einer Aufw\u00e4rmeinheit mit allen zusammen. Viel Bewegung stand hier auf dem Plan &#8211; Johanna mischte dabei mittendrin mit und machte dabei die abwechselnd unterschiedlichen technischen Aufgaben und Bewegungen vor, die die Kinder erfolgreich nachmachen mussten.<\/p>\n<p><a href=\"https:\/\/dollernersc.de\/wp-content\/uploads\/2017\/02\/K1600_P1000439.jpg\"><img loading=\"lazy\" decoding=\"async\" class=\" wp-image-2384 aligncenter\" src=\"https:\/\/dollernersc.de\/wp-content\/uploads\/2017\/02\/K1600_P1000439-300x169.jpg\" alt=\"\" width=\"432\" height=\"243\" \/><\/a><\/p>\n<p>Nach dem Aufw\u00e4rmen wurden die F-Junioren in vier Teams eingeteilt &#8211; blau, gr\u00fcn, gelb und organge. F\u00fcr Team Orange und Blau ging es als erstes auf dem geteilten Spielfeld auf die Seite, auf der ein Salom- und Side-step-Parcour mit H\u00fctchen aufgebaut wurde. Wurde erfolgreich sich bewegt oder gedribbelt, kam das R\u00fcckspiel vom vorher gespielten Pass und es konnte auf das Tor geschossen werden. Zeitgleich fand auf der anderen H\u00e4lfte ein Spiel zwischen Team Gelb und Team Gr\u00fcn auf jeweils zwei Mini-Toren statt. Im drei gegen drei steht bei dieser Spielweise jeder Mitspieler immer wieder im Fokus und kann das Spiel am Ball weiterverbessern. Nach mehreren Minuten wurde dann einmal durchgetauscht.<\/p>\n<p><a href=\"https:\/\/dollernersc.de\/wp-content\/uploads\/2017\/02\/K1600_P1000594.jpg\"><img loading=\"lazy\" decoding=\"async\" class=\" wp-image-2394 aligncenter\" src=\"https:\/\/dollernersc.de\/wp-content\/uploads\/2017\/02\/K1600_P1000594-300x169.jpg\" alt=\"\" width=\"438\" height=\"247\" \/><\/a><\/p>\n<p>Abschie\u00dfend wurde auf halber Halle mit zwei Teams &#8211; wieder mit 2 Toren je Team auf der Grundlinie- schneller Fu\u00dfball gespielt. Das wartende dritte Team an der Seitenlinie wechselte dann jeweils mit dem Team, das ein Tor kassiert hatte. Im diesem Spielmodus kamen super Tore zustande und die Kinder waren st\u00e4ndig in Bewegung.<\/p>\n<p><a href=\"https:\/\/dollernersc.de\/wp-content\/uploads\/2017\/02\/K1600_P1000607.jpg\"><img loading=\"lazy\" decoding=\"async\" class=\" wp-image-2397 aligncenter\" src=\"https:\/\/dollernersc.de\/wp-content\/uploads\/2017\/02\/K1600_P1000607-300x169.jpg\" alt=\"\" width=\"439\" height=\"247\" \/><\/a><\/p>\n<p>Mit vielen geschossenen Toren, neuem Trainingsinhalt und vielen fu\u00dfballerischen Tipps von Johanna und Lennart, sowie einem aktuellen Poster der deutschen Nationalmannschaft kam es dann gl\u00fccklich f\u00fcr die Jungs um Christian Leue und Renka dann zum Ende dieser spannenden Trainingseinheit mit dem DFB-Mobil.<\/p>\n<p>&nbsp;<\/p>\n<p>Die komplette Bildergalerie von dem Training gibt es hier:<\/p>\n\n<p>&nbsp;<\/p>\n","protected":false},"excerpt":{"rendered":"<p>DFB-Mobil war da: Einmal trainiert wie Profis Am Freitag Nachmittag war das Trainingsmobil vom Deutschen-Fu\u00dfball-Bund (DFB) bei uns zu Gast in Dollern. P\u00fcnktlich um 16 Uhr ging es auch schon&#8230;<\/p>\n","protected":false},"author":1,"featured_media":2386,"comment_status":"closed","ping_status":"closed","sticky":false,"template":"","format":"standard","meta":{"footnotes":""},"categories":[55],"tags":[],"yoast_head":"<!-- This site is optimized with the Yoast SEO plugin v22.9 - https:\/\/yoast.com\/wordpress\/plugins\/seo\/ -->\n<title>DFB-Mobil war da: Einmal trainiert wie Profis - Dollerner Sport-Club e.V.<\/title>\n<meta name=\"robots\" content=\"index, follow, max-snippet:-1, max-image-preview:large, max-video-preview:-1\" \/>\n<link rel=\"canonical\" href=\"https:\/\/dollernersc.de\/?p=2371\" \/>\n<meta property=\"og:locale\" content=\"de_DE\" \/>\n<meta property=\"og:type\" content=\"article\" \/>\n<meta property=\"og:title\" content=\"DFB-Mobil war da: Einmal trainiert wie Profis - Dollerner Sport-Club e.V.\" \/>\n<meta property=\"og:description\" content=\"DFB-Mobil war da: Einmal trainiert wie Profis Am Freitag Nachmittag war das Trainingsmobil vom Deutschen-Fu\u00dfball-Bund (DFB) bei uns zu Gast in Dollern. P\u00fcnktlich um 16 Uhr ging es auch schon...\" \/>\n<meta property=\"og:url\" content=\"https:\/\/dollernersc.de\/?p=2371\" \/>\n<meta property=\"og:site_name\" content=\"Dollerner Sport-Club e.V.\" \/>\n<meta property=\"article:published_time\" content=\"2017-02-17T17:31:28+00:00\" \/>\n<meta name=\"author\" content=\"Dollerner SC\" \/>\n<meta name=\"twitter:card\" content=\"summary_large_image\" \/>\n<meta name=\"twitter:label1\" content=\"Verfasst von\" \/>\n\t<meta name=\"twitter:data1\" content=\"Dollerner SC\" \/>\n\t<meta name=\"twitter:label2\" content=\"Gesch\u00e4tzte Lesezeit\" \/>\n\t<meta name=\"twitter:data2\" content=\"2\u00a0Minuten\" \/>\n<script type=\"application\/ld+json\" class=\"yoast-schema-graph\">{\"@context\":\"https:\/\/schema.org\",\"@graph\":[{\"@type\":\"WebPage\",\"@id\":\"https:\/\/dollernersc.de\/?p=2371\",\"url\":\"https:\/\/dollernersc.de\/?p=2371\",\"name\":\"DFB-Mobil war da: Einmal trainiert wie Profis - Dollerner Sport-Club e.V.\",\"isPartOf\":{\"@id\":\"https:\/\/dollernersc.de\/#website\"},\"primaryImageOfPage\":{\"@id\":\"https:\/\/dollernersc.de\/?p=2371#primaryimage\"},\"image\":{\"@id\":\"https:\/\/dollernersc.de\/?p=2371#primaryimage\"},\"thumbnailUrl\":\"\",\"datePublished\":\"2017-02-17T17:31:28+00:00\",\"dateModified\":\"2017-02-17T17:31:28+00:00\",\"author\":{\"@id\":\"https:\/\/dollernersc.de\/#\/schema\/person\/7536dc7365c03c404c28b6d007ae097e\"},\"breadcrumb\":{\"@id\":\"https:\/\/dollernersc.de\/?p=2371#breadcrumb\"},\"inLanguage\":\"de\",\"potentialAction\":[{\"@type\":\"ReadAction\",\"target\":[\"https:\/\/dollernersc.de\/?p=2371\"]}]},{\"@type\":\"ImageObject\",\"inLanguage\":\"de\",\"@id\":\"https:\/\/dollernersc.de\/?p=2371#primaryimage\",\"url\":\"\",\"contentUrl\":\"\"},{\"@type\":\"BreadcrumbList\",\"@id\":\"https:\/\/dollernersc.de\/?p=2371#breadcrumb\",\"itemListElement\":[{\"@type\":\"ListItem\",\"position\":1,\"name\":\"Startseite\",\"item\":\"https:\/\/dollernersc.de\/\"},{\"@type\":\"ListItem\",\"position\":2,\"name\":\"DFB-Mobil war da: Einmal trainiert wie Profis\"}]},{\"@type\":\"WebSite\",\"@id\":\"https:\/\/dollernersc.de\/#website\",\"url\":\"https:\/\/dollernersc.de\/\",\"name\":\"Dollerner Sport-Club e.V.\",\"description\":\"\",\"potentialAction\":[{\"@type\":\"SearchAction\",\"target\":{\"@type\":\"EntryPoint\",\"urlTemplate\":\"https:\/\/dollernersc.de\/?s={search_term_string}\"},\"query-input\":\"required name=search_term_string\"}],\"inLanguage\":\"de\"},{\"@type\":\"Person\",\"@id\":\"https:\/\/dollernersc.de\/#\/schema\/person\/7536dc7365c03c404c28b6d007ae097e\",\"name\":\"Dollerner SC\",\"image\":{\"@type\":\"ImageObject\",\"inLanguage\":\"de\",\"@id\":\"https:\/\/dollernersc.de\/#\/schema\/person\/image\/\",\"url\":\"https:\/\/secure.gravatar.com\/avatar\/cc3b6265e4a748b324092868a60258b9?s=96&d=mm&r=g\",\"contentUrl\":\"https:\/\/secure.gravatar.com\/avatar\/cc3b6265e4a748b324092868a60258b9?s=96&d=mm&r=g\",\"caption\":\"Dollerner SC\"},\"url\":\"https:\/\/dollernersc.de\/?author=1\"}]}<\/script>\n<!-- \/ Yoast SEO plugin. -->","yoast_head_json":{"title":"DFB-Mobil war da: Einmal trainiert wie Profis - Dollerner Sport-Club e.V.","robots":{"index":"index","follow":"follow","max-snippet":"max-snippet:-1","max-image-preview":"max-image-preview:large","max-video-preview":"max-video-preview:-1"},"canonical":"https:\/\/dollernersc.de\/?p=2371","og_locale":"de_DE","og_type":"article","og_title":"DFB-Mobil war da: Einmal trainiert wie Profis - Dollerner Sport-Club e.V.","og_description":"DFB-Mobil war da: Einmal trainiert wie Profis Am Freitag Nachmittag war das Trainingsmobil vom Deutschen-Fu\u00dfball-Bund (DFB) bei uns zu Gast in Dollern. P\u00fcnktlich um 16 Uhr ging es auch schon...","og_url":"https:\/\/dollernersc.de\/?p=2371","og_site_name":"Dollerner Sport-Club e.V.","article_published_time":"2017-02-17T17:31:28+00:00","author":"Dollerner SC","twitter_card":"summary_large_image","twitter_misc":{"Verfasst von":"Dollerner SC","Gesch\u00e4tzte Lesezeit":"2\u00a0Minuten"},"schema":{"@context":"https:\/\/schema.org","@graph":[{"@type":"WebPage","@id":"https:\/\/dollernersc.de\/?p=2371","url":"https:\/\/dollernersc.de\/?p=2371","name":"DFB-Mobil war da: Einmal trainiert wie Profis - Dollerner Sport-Club e.V.","isPartOf":{"@id":"https:\/\/dollernersc.de\/#website"},"primaryImageOfPage":{"@id":"https:\/\/dollernersc.de\/?p=2371#primaryimage"},"image":{"@id":"https:\/\/dollernersc.de\/?p=2371#primaryimage"},"thumbnailUrl":"","datePublished":"2017-02-17T17:31:28+00:00","dateModified":"2017-02-17T17:31:28+00:00","author":{"@id":"https:\/\/dollernersc.de\/#\/schema\/person\/7536dc7365c03c404c28b6d007ae097e"},"breadcrumb":{"@id":"https:\/\/dollernersc.de\/?p=2371#breadcrumb"},"inLanguage":"de","potentialAction":[{"@type":"ReadAction","target":["https:\/\/dollernersc.de\/?p=2371"]}]},{"@type":"ImageObject","inLanguage":"de","@id":"https:\/\/dollernersc.de\/?p=2371#primaryimage","url":"","contentUrl":""},{"@type":"BreadcrumbList","@id":"https:\/\/dollernersc.de\/?p=2371#breadcrumb","itemListElement":[{"@type":"ListItem","position":1,"name":"Startseite","item":"https:\/\/dollernersc.de\/"},{"@type":"ListItem","position":2,"name":"DFB-Mobil war da: Einmal trainiert wie Profis"}]},{"@type":"WebSite","@id":"https:\/\/dollernersc.de\/#website","url":"https:\/\/dollernersc.de\/","name":"Dollerner Sport-Club e.V.","description":"","potentialAction":[{"@type":"SearchAction","target":{"@type":"EntryPoint","urlTemplate":"https:\/\/dollernersc.de\/?s={search_term_string}"},"query-input":"required name=search_term_string"}],"inLanguage":"de"},{"@type":"Person","@id":"https:\/\/dollernersc.de\/#\/schema\/person\/7536dc7365c03c404c28b6d007ae097e","name":"Dollerner SC","image":{"@type":"ImageObject","inLanguage":"de","@id":"https:\/\/dollernersc.de\/#\/schema\/person\/image\/","url":"https:\/\/secure.gravatar.com\/avatar\/cc3b6265e4a748b324092868a60258b9?s=96&d=mm&r=g","contentUrl":"https:\/\/secure.gravatar.com\/avatar\/cc3b6265e4a748b324092868a60258b9?s=96&d=mm&r=g","caption":"Dollerner SC"},"url":"https:\/\/dollernersc.de\/?author=1"}]}},"_links":{"self":[{"href":"https:\/\/dollernersc.de\/index.php?rest_route=\/wp\/v2\/posts\/2371"}],"collection":[{"href":"https:\/\/dollernersc.de\/index.php?rest_route=\/wp\/v2\/posts"}],"about":[{"href":"https:\/\/dollernersc.de\/index.php?rest_route=\/wp\/v2\/types\/post"}],"author":[{"embeddable":true,"href":"https:\/\/dollernersc.de\/index.php?rest_route=\/wp\/v2\/users\/1"}],"replies":[{"embeddable":true,"href":"https:\/\/dollernersc.de\/index.php?rest_route=%2Fwp%2Fv2%2Fcomments&post=2371"}],"version-history":[{"count":0,"href":"https:\/\/dollernersc.de\/index.php?rest_route=\/wp\/v2\/posts\/2371\/revisions"}],"wp:featuredmedia":[{"embeddable":true,"href":"https:\/\/dollernersc.de\/index.php?rest_route=\/"}],"wp:attachment":[{"href":"https:\/\/dollernersc.de\/index.php?rest_route=%2Fwp%2Fv2%2Fmedia&parent=2371"}],"wp:term":[{"taxonomy":"category","embeddable":true,"href":"https:\/\/dollernersc.de\/index.php?rest_route=%2Fwp%2Fv2%2Fcategories&post=2371"},{"taxonomy":"post_tag","embeddable":true,"href":"https:\/\/dollernersc.de\/index.php?rest_route=%2Fwp%2Fv2%2Ftags&post=2371"}],"curies":[{"name":"wp","href":"https:\/\/api.w.org\/{rel}","templated":true}]}}